{"id":6458,"date":"2024-09-06T21:34:18","date_gmt":"2024-09-06T21:34:18","guid":{"rendered":""},"modified":"-0001-11-30T00:00:00","modified_gmt":"-0001-11-29T21:00:00","slug":"evden-qabaq-qonsu-axtar","status":"publish","type":"post","link":"https:\/\/nedir.az\/atalar-sozleri\/evden-qabaq-qonsu-axtar-atalar-sozunun-menasi-nedir","title":{"rendered":"Evd\u0259n Qabaq Qon\u015fu Axtar"},"content":{"rendered":"<p>&#8220;evd\u0259n qabaq qon\u015fu axtar&#8221; atalar s\u00f6z\u00fc, insan\u0131n \u00f6z i\u015fl\u0259rini, planlar\u0131n\u0131 v\u0259 ya m\u0259qs\u0259dl\u0259rini h\u0259yata ke\u00e7irm\u0259d\u0259n \u0259vv\u0259l, ba\u015fqalar\u0131n\u0131n fikirl\u0259rini, m\u00fcnasib\u0259tl\u0259rini v\u0259 ya d\u0259st\u0259yini n\u0259z\u0259r\u0259 almas\u0131n\u0131n vacibliyini vur\u011fulay\u0131r. Bu s\u00f6z, bir i\u015f\u0259 ba\u015flamazdan \u0259vv\u0259l, \u0259trafdak\u0131 insanlar\u0131n fikirl\u0259rini \u00f6yr\u0259nm\u0259yin, onlar\u0131n d\u0259st\u0259yini qazanma\u011f\u0131n v\u0259 ya m\u00fcnasib\u0259tl\u0259ri d\u00fcz\u0259ltm\u0259yin \u0259h\u0259miyy\u0259tini bildirir. H\u0259m\u00e7inin, bu atalar s\u00f6z\u00fc, insan\u0131n sosial \u0259laq\u0259l\u0259rinin v\u0259 qon\u015fuluq m\u00fcnasib\u0259tl\u0259rinin \u00f6n\u0259mini d\u0259 ifad\u0259 edir.<\/p>\n<p><b>Q\u0131sa M\u0259nas\u0131<\/b><br \/> <br \/>\n\u0130\u015f\u0259 ba\u015flamazdan \u0259vv\u0259l ba\u015fqalar\u0131n\u0131n fikirl\u0259rini v\u0259 d\u0259st\u0259yini n\u0259z\u0259r\u0259 alma\u011f\u0131n vacibliyi.<\/p>\n","protected":false},"excerpt":{"rendered":"<p>&#8220;evd\u0259n qabaq qon\u015fu axtar&#8221; atalar s\u00f6z\u00fc, insan\u0131n \u00f6z i\u015fl\u0259rini, planlar\u0131n\u0131 v\u0259 ya m\u0259qs\u0259dl\u0259rini h\u0259yata ke\u00e7irm\u0259d\u0259n \u0259vv\u0259l, ba\u015fqalar\u0131n\u0131n fikirl\u0259rini, m\u00fcnasib\u0259tl\u0259rini v\u0259 ya d\u0259st\u0259yini n\u0259z\u0259r\u0259 almas\u0131n\u0131n vacibliyini vur\u011fulay\u0131r. Bu s\u00f6z, bir i\u015f\u0259 ba\u015flamazdan \u0259vv\u0259l, \u0259trafdak\u0131 insanlar\u0131n fikirl\u0259rini \u00f6yr\u0259nm\u0259yin, onlar\u0131n d\u0259st\u0259yini qazanma\u011f\u0131n v\u0259 ya m\u00fcnasib\u0259tl\u0259ri d\u00fcz\u0259ltm\u0259yin \u0259h\u0259miyy\u0259tini bildirir. H\u0259m\u00e7inin, bu atalar s\u00f6z\u00fc, insan\u0131n sosial \u0259laq\u0259l\u0259rinin v\u0259 qon\u015fuluq m\u00fcnasib\u0259tl\u0259rinin &#8230; <a title=\"Evd\u0259n Qabaq Qon\u015fu Axtar\" class=\"read-more\" href=\"https:\/\/nedir.az\/atalar-sozleri\/evden-qabaq-qonsu-axtar-atalar-sozunun-menasi-nedir\" aria-label=\"Read more about Evd\u0259n Qabaq Qon\u015fu Axtar\">Read more<\/a><\/p>\n","protected":false},"author":2,"featured_media":0,"comment_status":"open","ping_status":"open","sticky":false,"template":"","format":"standard","meta":{"footnotes":""},"categories":[1],"tags":[],"class_list":["post-6458","post","type-post","status-publish","format-standard","hentry","category-atalar-sozleri-atalar-sozu"],"aioseo_notices":[],"_links":{"self":[{"href":"https:\/\/nedir.az\/atalar-sozleri\/wp-json\/wp\/v2\/posts\/6458","targetHints":{"allow":["GET"]}}],"collection":[{"href":"https:\/\/nedir.az\/atalar-sozleri\/wp-json\/wp\/v2\/posts"}],"about":[{"href":"https:\/\/nedir.az\/atalar-sozleri\/wp-json\/wp\/v2\/types\/post"}],"author":[{"embeddable":true,"href":"https:\/\/nedir.az\/atalar-sozleri\/wp-json\/wp\/v2\/users\/2"}],"replies":[{"embeddable":true,"href":"https:\/\/nedir.az\/atalar-sozleri\/wp-json\/wp\/v2\/comments?post=6458"}],"version-history":[{"count":0,"href":"https:\/\/nedir.az\/atalar-sozleri\/wp-json\/wp\/v2\/posts\/6458\/revisions"}],"wp:attachment":[{"href":"https:\/\/nedir.az\/atalar-sozleri\/wp-json\/wp\/v2\/media?parent=6458"}],"wp:term":[{"taxonomy":"category","embeddable":true,"href":"https:\/\/nedir.az\/atalar-sozleri\/wp-json\/wp\/v2\/categories?post=6458"},{"taxonomy":"post_tag","embeddable":true,"href":"https:\/\/nedir.az\/atalar-sozleri\/wp-json\/wp\/v2\/tags?post=6458"}],"curies":[{"name":"wp","href":"https:\/\/api.w.org\/{rel}","templated":true}]}}