{"id":6457,"date":"2024-09-06T21:34:18","date_gmt":"2024-09-06T21:34:18","guid":{"rendered":""},"modified":"-0001-11-30T00:00:00","modified_gmt":"-0001-11-29T21:00:00","slug":"evdeki-hesab-bayira-cixmaz","status":"publish","type":"post","link":"https:\/\/nedir.az\/atalar-sozleri\/evdeki-hesab-bayira-cixmaz-atalar-sozunun-menasi-nedir","title":{"rendered":"Evd\u0259ki Hesab Bay\u0131ra \u00c7\u0131xmaz"},"content":{"rendered":"<p>&#8220;evd\u0259ki hesab bay\u0131ra \u00e7\u0131xmaz&#8221; atalar s\u00f6z\u00fcn\u00fcn m\u0259nas\u0131, evd\u0259 olan m\u0259s\u0259l\u0259l\u0259rin, probleml\u0259rin v\u0259 ya m\u00fcbahis\u0259l\u0259rin xaric\u0259, y\u0259ni ba\u015fqalar\u0131na a\u00e7\u0131lmamas\u0131, gizli saxlan\u0131lmas\u0131 g\u0259r\u0259kdiyini vur\u011fulay\u0131r. Bu atalar s\u00f6z\u00fc, ail\u0259 i\u00e7ind\u0259ki m\u0259s\u0259l\u0259l\u0259rin, x\u00fcsusil\u0259 d\u0259 maliyy\u0259 v\u0259 ya \u015f\u0259xsi probleml\u0259rin, ba\u015fqalar\u0131 il\u0259 payla\u015f\u0131lmamas\u0131 laz\u0131m oldu\u011funu ifad\u0259 edir. Bel\u0259likl\u0259, insanlara \u00f6z ail\u0259 m\u0259s\u0259l\u0259l\u0259rini ba\u015fqalar\u0131na dan\u0131\u015fmama\u011f\u0131 t\u00f6vsiy\u0259 edir.<\/p>\n<p><b>Q\u0131sa M\u0259nas\u0131<\/b><br \/> Ail\u0259 m\u0259s\u0259l\u0259l\u0259rinin ba\u015fqalar\u0131na a\u00e7\u0131lmamas\u0131 g\u0259r\u0259kdiyini bildirir.<\/p>\n","protected":false},"excerpt":{"rendered":"<p>&#8220;evd\u0259ki hesab bay\u0131ra \u00e7\u0131xmaz&#8221; atalar s\u00f6z\u00fcn\u00fcn m\u0259nas\u0131, evd\u0259 olan m\u0259s\u0259l\u0259l\u0259rin, probleml\u0259rin v\u0259 ya m\u00fcbahis\u0259l\u0259rin xaric\u0259, y\u0259ni ba\u015fqalar\u0131na a\u00e7\u0131lmamas\u0131, gizli saxlan\u0131lmas\u0131 g\u0259r\u0259kdiyini vur\u011fulay\u0131r. Bu atalar s\u00f6z\u00fc, ail\u0259 i\u00e7ind\u0259ki m\u0259s\u0259l\u0259l\u0259rin, x\u00fcsusil\u0259 d\u0259 maliyy\u0259 v\u0259 ya \u015f\u0259xsi probleml\u0259rin, ba\u015fqalar\u0131 il\u0259 payla\u015f\u0131lmamas\u0131 laz\u0131m oldu\u011funu ifad\u0259 edir. Bel\u0259likl\u0259, insanlara \u00f6z ail\u0259 m\u0259s\u0259l\u0259l\u0259rini ba\u015fqalar\u0131na dan\u0131\u015fmama\u011f\u0131 t\u00f6vsiy\u0259 edir. Q\u0131sa M\u0259nas\u0131 Ail\u0259 m\u0259s\u0259l\u0259l\u0259rinin &#8230; <a title=\"Evd\u0259ki Hesab Bay\u0131ra \u00c7\u0131xmaz\" class=\"read-more\" href=\"https:\/\/nedir.az\/atalar-sozleri\/evdeki-hesab-bayira-cixmaz-atalar-sozunun-menasi-nedir\" aria-label=\"Read more about Evd\u0259ki Hesab Bay\u0131ra \u00c7\u0131xmaz\">Read more<\/a><\/p>\n","protected":false},"author":2,"featured_media":0,"comment_status":"open","ping_status":"open","sticky":false,"template":"","format":"standard","meta":{"footnotes":""},"categories":[1],"tags":[],"class_list":["post-6457","post","type-post","status-publish","format-standard","hentry","category-atalar-sozleri-atalar-sozu"],"aioseo_notices":[],"_links":{"self":[{"href":"https:\/\/nedir.az\/atalar-sozleri\/wp-json\/wp\/v2\/posts\/6457","targetHints":{"allow":["GET"]}}],"collection":[{"href":"https:\/\/nedir.az\/atalar-sozleri\/wp-json\/wp\/v2\/posts"}],"about":[{"href":"https:\/\/nedir.az\/atalar-sozleri\/wp-json\/wp\/v2\/types\/post"}],"author":[{"embeddable":true,"href":"https:\/\/nedir.az\/atalar-sozleri\/wp-json\/wp\/v2\/users\/2"}],"replies":[{"embeddable":true,"href":"https:\/\/nedir.az\/atalar-sozleri\/wp-json\/wp\/v2\/comments?post=6457"}],"version-history":[{"count":0,"href":"https:\/\/nedir.az\/atalar-sozleri\/wp-json\/wp\/v2\/posts\/6457\/revisions"}],"wp:attachment":[{"href":"https:\/\/nedir.az\/atalar-sozleri\/wp-json\/wp\/v2\/media?parent=6457"}],"wp:term":[{"taxonomy":"category","embeddable":true,"href":"https:\/\/nedir.az\/atalar-sozleri\/wp-json\/wp\/v2\/categories?post=6457"},{"taxonomy":"post_tag","embeddable":true,"href":"https:\/\/nedir.az\/atalar-sozleri\/wp-json\/wp\/v2\/tags?post=6457"}],"curies":[{"name":"wp","href":"https:\/\/api.w.org\/{rel}","templated":true}]}}