{"id":6456,"date":"2024-09-06T21:34:18","date_gmt":"2024-09-06T21:34:18","guid":{"rendered":""},"modified":"-0001-11-30T00:00:00","modified_gmt":"-0001-11-29T21:00:00","slug":"evde-oz-basini-baglaya-bilmir-toyda-gelin-basi-baglayir","status":"publish","type":"post","link":"https:\/\/nedir.az\/atalar-sozleri\/evde-oz-basini-baglaya-bilmir-toyda-gelin-basi-baglayir-atalar-sozunun-menasi-nedir","title":{"rendered":"Evd\u0259 \u00d6z Ba\u015f\u0131n\u0131 Ba\u011flaya Bilmir, Toyda G\u0259lin Ba\u015f\u0131 Ba\u011flay\u0131r"},"content":{"rendered":"<p>&#8220;evd\u0259 \u00f6z ba\u015f\u0131n\u0131 ba\u011flaya bilmir, toyda g\u0259lin ba\u015f\u0131 ba\u011flay\u0131r&#8221; atalar s\u00f6z\u00fc, insan\u0131n \u00f6z h\u0259yat\u0131nda, \u00f6z q\u0259rarlar\u0131n\u0131 verm\u0259kd\u0259 \u00e7\u0259tinlik \u00e7\u0259kdiyini, lakin ba\u015fqalar\u0131n\u0131n, x\u00fcsusil\u0259 d\u0259 c\u0259miyy\u0259tin g\u00f6z\u00fcnd\u0259, m\u00fc\u0259yy\u0259n m\u0259rasiml\u0259rd\u0259, m\u0259s\u0259l\u0259n, toyda, \u00f6z\u00fcn\u00fc ifad\u0259 etm\u0259y\u0259 \u00e7al\u0131\u015fd\u0131\u011f\u0131n\u0131 bildirir. Bu s\u00f6z, b\u0259z\u0259n insanlar\u0131n \u00f6z irad\u0259l\u0259rini h\u0259yata ke\u00e7ir\u0259 bilm\u0259dikl\u0259rini, lakin m\u00fc\u0259yy\u0259n v\u0259ziyy\u0259tl\u0259rd\u0259, ba\u015fqalar\u0131n\u0131n g\u00f6z\u00fcnd\u0259, \u00f6zl\u0259rini daha yax\u015f\u0131 g\u00f6st\u0259rm\u0259y\u0259 \u00e7al\u0131\u015fd\u0131qlar\u0131n\u0131 vur\u011fulay\u0131r. <\/p>\n<p>Bu atalar s\u00f6z\u00fc, insan\u0131n sosial v\u0259ziyy\u0259tini, c\u0259miyy\u0259t i\u00e7ind\u0259ki rolunu v\u0259 b\u0259z\u0259n d\u0259 \u00f6z\u00fcn\u00fc ifad\u0259 etm\u0259 \u00e7\u0259tinlikl\u0259rini \u0259ks etdirir. Eyni zamanda, bu, insanlar\u0131n ba\u015fqalar\u0131n\u0131n g\u00f6z\u00fcnd\u0259 nec\u0259 g\u00f6r\u00fcnm\u0259k ist\u0259dikl\u0259rini, lakin g\u00fcnd\u0259lik h\u0259yatda \u00f6zl\u0259rini nec\u0259 hiss etdikl\u0259rini g\u00f6st\u0259rir.<\/p>\n<p><b>Q\u0131sa M\u0259nas\u0131<\/b><br \/> \u00d6z irad\u0259sini h\u0259yata ke\u00e7ir\u0259 bilm\u0259y\u0259n, lakin c\u0259miyy\u0259tin g\u00f6z\u00fcnd\u0259 m\u00fc\u0259yy\u0259n v\u0259ziyy\u0259tl\u0259rd\u0259 \u00f6z\u00fcn\u00fc g\u00f6st\u0259rm\u0259y\u0259 \u00e7al\u0131\u015fan insanlar\u0131 t\u0259svir edir.<\/p>\n","protected":false},"excerpt":{"rendered":"<p>&#8220;evd\u0259 \u00f6z ba\u015f\u0131n\u0131 ba\u011flaya bilmir, toyda g\u0259lin ba\u015f\u0131 ba\u011flay\u0131r&#8221; atalar s\u00f6z\u00fc, insan\u0131n \u00f6z h\u0259yat\u0131nda, \u00f6z q\u0259rarlar\u0131n\u0131 verm\u0259kd\u0259 \u00e7\u0259tinlik \u00e7\u0259kdiyini, lakin ba\u015fqalar\u0131n\u0131n, x\u00fcsusil\u0259 d\u0259 c\u0259miyy\u0259tin g\u00f6z\u00fcnd\u0259, m\u00fc\u0259yy\u0259n m\u0259rasiml\u0259rd\u0259, m\u0259s\u0259l\u0259n, toyda, \u00f6z\u00fcn\u00fc ifad\u0259 etm\u0259y\u0259 \u00e7al\u0131\u015fd\u0131\u011f\u0131n\u0131 bildirir. Bu s\u00f6z, b\u0259z\u0259n insanlar\u0131n \u00f6z irad\u0259l\u0259rini h\u0259yata ke\u00e7ir\u0259 bilm\u0259dikl\u0259rini, lakin m\u00fc\u0259yy\u0259n v\u0259ziyy\u0259tl\u0259rd\u0259, ba\u015fqalar\u0131n\u0131n g\u00f6z\u00fcnd\u0259, \u00f6zl\u0259rini daha yax\u015f\u0131 g\u00f6st\u0259rm\u0259y\u0259 \u00e7al\u0131\u015fd\u0131qlar\u0131n\u0131 vur\u011fulay\u0131r. Bu &#8230; <a title=\"Evd\u0259 \u00d6z Ba\u015f\u0131n\u0131 Ba\u011flaya Bilmir, Toyda G\u0259lin Ba\u015f\u0131 Ba\u011flay\u0131r\" class=\"read-more\" href=\"https:\/\/nedir.az\/atalar-sozleri\/evde-oz-basini-baglaya-bilmir-toyda-gelin-basi-baglayir-atalar-sozunun-menasi-nedir\" aria-label=\"Read more about Evd\u0259 \u00d6z Ba\u015f\u0131n\u0131 Ba\u011flaya Bilmir, Toyda G\u0259lin Ba\u015f\u0131 Ba\u011flay\u0131r\">Read more<\/a><\/p>\n","protected":false},"author":2,"featured_media":0,"comment_status":"open","ping_status":"open","sticky":false,"template":"","format":"standard","meta":{"footnotes":""},"categories":[1],"tags":[],"class_list":["post-6456","post","type-post","status-publish","format-standard","hentry","category-atalar-sozleri-atalar-sozu"],"aioseo_notices":[],"_links":{"self":[{"href":"https:\/\/nedir.az\/atalar-sozleri\/wp-json\/wp\/v2\/posts\/6456","targetHints":{"allow":["GET"]}}],"collection":[{"href":"https:\/\/nedir.az\/atalar-sozleri\/wp-json\/wp\/v2\/posts"}],"about":[{"href":"https:\/\/nedir.az\/atalar-sozleri\/wp-json\/wp\/v2\/types\/post"}],"author":[{"embeddable":true,"href":"https:\/\/nedir.az\/atalar-sozleri\/wp-json\/wp\/v2\/users\/2"}],"replies":[{"embeddable":true,"href":"https:\/\/nedir.az\/atalar-sozleri\/wp-json\/wp\/v2\/comments?post=6456"}],"version-history":[{"count":0,"href":"https:\/\/nedir.az\/atalar-sozleri\/wp-json\/wp\/v2\/posts\/6456\/revisions"}],"wp:attachment":[{"href":"https:\/\/nedir.az\/atalar-sozleri\/wp-json\/wp\/v2\/media?parent=6456"}],"wp:term":[{"taxonomy":"category","embeddable":true,"href":"https:\/\/nedir.az\/atalar-sozleri\/wp-json\/wp\/v2\/categories?post=6456"},{"taxonomy":"post_tag","embeddable":true,"href":"https:\/\/nedir.az\/atalar-sozleri\/wp-json\/wp\/v2\/tags?post=6456"}],"curies":[{"name":"wp","href":"https:\/\/api.w.org\/{rel}","templated":true}]}}