{"id":6454,"date":"2024-09-06T21:34:18","date_gmt":"2024-09-06T21:34:18","guid":{"rendered":""},"modified":"-0001-11-30T00:00:00","modified_gmt":"-0001-11-29T21:00:00","slug":"evde-xoruz-olur-bayirda-toyuq","status":"publish","type":"post","link":"https:\/\/nedir.az\/atalar-sozleri\/evde-xoruz-olur-bayirda-toyuq-atalar-sozunun-menasi-nedir","title":{"rendered":"Evd\u0259 Xoruz Olur, Bay\u0131rda Toyuq"},"content":{"rendered":"<p>&#8220;evd\u0259 xoruz olur, bay\u0131rda toyuq&#8221; atalar s\u00f6z\u00fc, bir insan\u0131n \u00f6z evind\u0259, \u00f6z m\u00fchitind\u0259 daha g\u00fccl\u00fc, daha t\u0259sirli oldu\u011funu, lakin xaricd\u0259, y\u0259ni tan\u0131mad\u0131\u011f\u0131 bir m\u00fchitd\u0259 eyni d\u0259r\u0259c\u0259d\u0259 t\u0259sirli ola bilm\u0259diyini ifad\u0259 edir. Bu s\u00f6z, insan\u0131n \u00f6z m\u00fchitind\u0259ki \u00fcst\u00fcnl\u00fcy\u00fcn\u00fc v\u0259 tan\u0131d\u0131\u011f\u0131 insanlar\u0131n aras\u0131nda daha rahat oldu\u011funu vur\u011fulay\u0131r. Eyni zamanda, xarici m\u00fchitin, tan\u0131mad\u0131\u011f\u0131 insanlar\u0131n aras\u0131nda \u00f6z\u00fcn\u00fc daha z\u0259if hiss ed\u0259 bil\u0259c\u0259yini g\u00f6st\u0259rir. <\/p>\n<p><b>Q\u0131sa M\u0259nas\u0131<\/b><br \/> \u00d6z evind\u0259, tan\u0131d\u0131\u011f\u0131 m\u00fchitd\u0259 daha g\u00fccl\u00fc, xaricd\u0259 is\u0259 daha z\u0259if olma\u011f\u0131 ifad\u0259 edir.<\/p>\n","protected":false},"excerpt":{"rendered":"<p>&#8220;evd\u0259 xoruz olur, bay\u0131rda toyuq&#8221; atalar s\u00f6z\u00fc, bir insan\u0131n \u00f6z evind\u0259, \u00f6z m\u00fchitind\u0259 daha g\u00fccl\u00fc, daha t\u0259sirli oldu\u011funu, lakin xaricd\u0259, y\u0259ni tan\u0131mad\u0131\u011f\u0131 bir m\u00fchitd\u0259 eyni d\u0259r\u0259c\u0259d\u0259 t\u0259sirli ola bilm\u0259diyini ifad\u0259 edir. Bu s\u00f6z, insan\u0131n \u00f6z m\u00fchitind\u0259ki \u00fcst\u00fcnl\u00fcy\u00fcn\u00fc v\u0259 tan\u0131d\u0131\u011f\u0131 insanlar\u0131n aras\u0131nda daha rahat oldu\u011funu vur\u011fulay\u0131r. Eyni zamanda, xarici m\u00fchitin, tan\u0131mad\u0131\u011f\u0131 insanlar\u0131n aras\u0131nda \u00f6z\u00fcn\u00fc daha z\u0259if &#8230; <a title=\"Evd\u0259 Xoruz Olur, Bay\u0131rda Toyuq\" class=\"read-more\" href=\"https:\/\/nedir.az\/atalar-sozleri\/evde-xoruz-olur-bayirda-toyuq-atalar-sozunun-menasi-nedir\" aria-label=\"Read more about Evd\u0259 Xoruz Olur, Bay\u0131rda Toyuq\">Read more<\/a><\/p>\n","protected":false},"author":2,"featured_media":0,"comment_status":"open","ping_status":"open","sticky":false,"template":"","format":"standard","meta":{"footnotes":""},"categories":[1],"tags":[],"class_list":["post-6454","post","type-post","status-publish","format-standard","hentry","category-atalar-sozleri-atalar-sozu"],"aioseo_notices":[],"_links":{"self":[{"href":"https:\/\/nedir.az\/atalar-sozleri\/wp-json\/wp\/v2\/posts\/6454","targetHints":{"allow":["GET"]}}],"collection":[{"href":"https:\/\/nedir.az\/atalar-sozleri\/wp-json\/wp\/v2\/posts"}],"about":[{"href":"https:\/\/nedir.az\/atalar-sozleri\/wp-json\/wp\/v2\/types\/post"}],"author":[{"embeddable":true,"href":"https:\/\/nedir.az\/atalar-sozleri\/wp-json\/wp\/v2\/users\/2"}],"replies":[{"embeddable":true,"href":"https:\/\/nedir.az\/atalar-sozleri\/wp-json\/wp\/v2\/comments?post=6454"}],"version-history":[{"count":0,"href":"https:\/\/nedir.az\/atalar-sozleri\/wp-json\/wp\/v2\/posts\/6454\/revisions"}],"wp:attachment":[{"href":"https:\/\/nedir.az\/atalar-sozleri\/wp-json\/wp\/v2\/media?parent=6454"}],"wp:term":[{"taxonomy":"category","embeddable":true,"href":"https:\/\/nedir.az\/atalar-sozleri\/wp-json\/wp\/v2\/categories?post=6454"},{"taxonomy":"post_tag","embeddable":true,"href":"https:\/\/nedir.az\/atalar-sozleri\/wp-json\/wp\/v2\/tags?post=6454"}],"curies":[{"name":"wp","href":"https:\/\/api.w.org\/{rel}","templated":true}]}}