{"id":6453,"date":"2024-09-06T21:34:18","date_gmt":"2024-09-06T21:34:18","guid":{"rendered":""},"modified":"-0001-11-30T00:00:00","modified_gmt":"-0001-11-29T21:00:00","slug":"evde-xoruz-colde-fere","status":"publish","type":"post","link":"https:\/\/nedir.az\/atalar-sozleri\/evde-xoruz-colde-fere-atalar-sozunun-menasi-nedir","title":{"rendered":"Evd\u0259 Xoruz, \u00c7\u00f6ld\u0259 F\u0259r\u0259"},"content":{"rendered":"<p>&#8220;evd\u0259 xoruz, \u00e7\u00f6ld\u0259 f\u0259r\u0259&#8221; atalar s\u00f6z\u00fc, insan\u0131n evd\u0259ki v\u0259ziyy\u0259tinin, xaricd\u0259ki v\u0259ziyy\u0259tl\u0259 m\u00fcqayis\u0259 edildiyini ifad\u0259 edir. Bu s\u00f6z, bir insan\u0131n evd\u0259ki davran\u0131\u015flar\u0131n\u0131n, xaricd\u0259ki davran\u0131\u015flar\u0131 il\u0259 f\u0259rql\u0259n\u0259 bil\u0259c\u0259yini vur\u011fulay\u0131r. Y\u0259ni, insan evd\u0259 \u00f6z\u00fcn\u00fc bir c\u00fcr apar\u0131r, amma \u00e7\u00f6ld\u0259, y\u0259ni ictimai m\u00fchitd\u0259, tamamil\u0259 f\u0259rqli bir \u015f\u0259xsiyy\u0259t ortaya qoya bil\u0259r. Bu, insanlar\u0131n iki f\u0259rqli \u015f\u0259xsiyy\u0259t\u0259 sahib olma\u011f\u0131na v\u0259 ya evd\u0259ki rahatl\u0131qla \u00e7\u00f6ld\u0259ki m\u0259suliyy\u0259tl\u0259rin bir-birini tamamlamad\u0131\u011f\u0131na i\u015far\u0259 edir.<\/p>\n<p><b>Q\u0131sa M\u0259nas\u0131<\/b><br \/>\u0130nsanlar\u0131n evd\u0259ki v\u0259 \u00e7\u00f6ld\u0259ki davran\u0131\u015flar\u0131n\u0131n f\u0259rqli oldu\u011funu g\u00f6st\u0259rir.<\/p>\n","protected":false},"excerpt":{"rendered":"<p>&#8220;evd\u0259 xoruz, \u00e7\u00f6ld\u0259 f\u0259r\u0259&#8221; atalar s\u00f6z\u00fc, insan\u0131n evd\u0259ki v\u0259ziyy\u0259tinin, xaricd\u0259ki v\u0259ziyy\u0259tl\u0259 m\u00fcqayis\u0259 edildiyini ifad\u0259 edir. Bu s\u00f6z, bir insan\u0131n evd\u0259ki davran\u0131\u015flar\u0131n\u0131n, xaricd\u0259ki davran\u0131\u015flar\u0131 il\u0259 f\u0259rql\u0259n\u0259 bil\u0259c\u0259yini vur\u011fulay\u0131r. Y\u0259ni, insan evd\u0259 \u00f6z\u00fcn\u00fc bir c\u00fcr apar\u0131r, amma \u00e7\u00f6ld\u0259, y\u0259ni ictimai m\u00fchitd\u0259, tamamil\u0259 f\u0259rqli bir \u015f\u0259xsiyy\u0259t ortaya qoya bil\u0259r. Bu, insanlar\u0131n iki f\u0259rqli \u015f\u0259xsiyy\u0259t\u0259 sahib olma\u011f\u0131na v\u0259 ya &#8230; <a title=\"Evd\u0259 Xoruz, \u00c7\u00f6ld\u0259 F\u0259r\u0259\" class=\"read-more\" href=\"https:\/\/nedir.az\/atalar-sozleri\/evde-xoruz-colde-fere-atalar-sozunun-menasi-nedir\" aria-label=\"Read more about Evd\u0259 Xoruz, \u00c7\u00f6ld\u0259 F\u0259r\u0259\">Read more<\/a><\/p>\n","protected":false},"author":2,"featured_media":0,"comment_status":"open","ping_status":"open","sticky":false,"template":"","format":"standard","meta":{"footnotes":""},"categories":[1],"tags":[],"class_list":["post-6453","post","type-post","status-publish","format-standard","hentry","category-atalar-sozleri-atalar-sozu"],"aioseo_notices":[],"_links":{"self":[{"href":"https:\/\/nedir.az\/atalar-sozleri\/wp-json\/wp\/v2\/posts\/6453","targetHints":{"allow":["GET"]}}],"collection":[{"href":"https:\/\/nedir.az\/atalar-sozleri\/wp-json\/wp\/v2\/posts"}],"about":[{"href":"https:\/\/nedir.az\/atalar-sozleri\/wp-json\/wp\/v2\/types\/post"}],"author":[{"embeddable":true,"href":"https:\/\/nedir.az\/atalar-sozleri\/wp-json\/wp\/v2\/users\/2"}],"replies":[{"embeddable":true,"href":"https:\/\/nedir.az\/atalar-sozleri\/wp-json\/wp\/v2\/comments?post=6453"}],"version-history":[{"count":0,"href":"https:\/\/nedir.az\/atalar-sozleri\/wp-json\/wp\/v2\/posts\/6453\/revisions"}],"wp:attachment":[{"href":"https:\/\/nedir.az\/atalar-sozleri\/wp-json\/wp\/v2\/media?parent=6453"}],"wp:term":[{"taxonomy":"category","embeddable":true,"href":"https:\/\/nedir.az\/atalar-sozleri\/wp-json\/wp\/v2\/categories?post=6453"},{"taxonomy":"post_tag","embeddable":true,"href":"https:\/\/nedir.az\/atalar-sozleri\/wp-json\/wp\/v2\/tags?post=6453"}],"curies":[{"name":"wp","href":"https:\/\/api.w.org\/{rel}","templated":true}]}}