{"id":6452,"date":"2024-09-06T21:34:18","date_gmt":"2024-09-06T21:34:18","guid":{"rendered":""},"modified":"-0001-11-30T00:00:00","modified_gmt":"-0001-11-29T21:00:00","slug":"evde-gelinim-olsun-bayirda-yeznem","status":"publish","type":"post","link":"https:\/\/nedir.az\/atalar-sozleri\/evde-gelinim-olsun-bayirda-yeznem-atalar-sozunun-menasi-nedir","title":{"rendered":"Evd\u0259 G\u0259linim Olsun, Bay\u0131rda Yezn\u0259m"},"content":{"rendered":"<p>&#8220;evd\u0259 g\u0259linim olsun, bay\u0131rda yezn\u0259m&#8221; atalar s\u00f6z\u00fc, bir insan\u0131n \u00f6z ail\u0259si v\u0259 yax\u0131nlar\u0131 il\u0259 m\u00fcnasib\u0259tini, eyni zamanda xarici \u0259laq\u0259l\u0259rini balansla\u015fd\u0131rma\u011f\u0131 vur\u011fulay\u0131r. Bu s\u00f6z, insan\u0131n evd\u0259ki m\u00fcnasib\u0259tl\u0259rinin \u00f6n\u0259mini, lakin eyni zamanda c\u0259miyy\u0259tl\u0259 olan \u0259laq\u0259l\u0259rinin d\u0259 \u0259h\u0259miyy\u0259tini ifad\u0259 edir. Y\u0259ni, insan\u0131n \u00f6z ail\u0259sin\u0259, evin\u0259 ba\u011fl\u0131 olmas\u0131, amma eyni zamanda c\u0259miyy\u0259tl\u0259 d\u0259 \u0259laq\u0259l\u0259rini g\u00fccl\u0259ndirm\u0259si g\u0259r\u0259kdiyini bildirir. Bu atalar s\u00f6z\u00fc, insan\u0131n sosial h\u0259yatda nec\u0259 davranmal\u0131 oldu\u011funu, ail\u0259 d\u0259y\u0259rl\u0259rinin \u00f6n\u0259mini, lakin c\u0259miyy\u0259tl\u0259 olan m\u00fcnasib\u0259tl\u0259rin d\u0259 vacib oldu\u011funu g\u00f6st\u0259rir.<\/p>\n<p><b>Q\u0131sa M\u0259nas\u0131<\/b><br \/> Ail\u0259 d\u0259y\u0259rl\u0259ri il\u0259 c\u0259miyy\u0259t \u0259laq\u0259l\u0259rinin balans\u0131n\u0131 vur\u011fulayan bir atalar s\u00f6z\u00fc.<\/p>\n","protected":false},"excerpt":{"rendered":"<p>&#8220;evd\u0259 g\u0259linim olsun, bay\u0131rda yezn\u0259m&#8221; atalar s\u00f6z\u00fc, bir insan\u0131n \u00f6z ail\u0259si v\u0259 yax\u0131nlar\u0131 il\u0259 m\u00fcnasib\u0259tini, eyni zamanda xarici \u0259laq\u0259l\u0259rini balansla\u015fd\u0131rma\u011f\u0131 vur\u011fulay\u0131r. Bu s\u00f6z, insan\u0131n evd\u0259ki m\u00fcnasib\u0259tl\u0259rinin \u00f6n\u0259mini, lakin eyni zamanda c\u0259miyy\u0259tl\u0259 olan \u0259laq\u0259l\u0259rinin d\u0259 \u0259h\u0259miyy\u0259tini ifad\u0259 edir. Y\u0259ni, insan\u0131n \u00f6z ail\u0259sin\u0259, evin\u0259 ba\u011fl\u0131 olmas\u0131, amma eyni zamanda c\u0259miyy\u0259tl\u0259 d\u0259 \u0259laq\u0259l\u0259rini g\u00fccl\u0259ndirm\u0259si g\u0259r\u0259kdiyini bildirir. Bu atalar &#8230; <a title=\"Evd\u0259 G\u0259linim Olsun, Bay\u0131rda Yezn\u0259m\" class=\"read-more\" href=\"https:\/\/nedir.az\/atalar-sozleri\/evde-gelinim-olsun-bayirda-yeznem-atalar-sozunun-menasi-nedir\" aria-label=\"Read more about Evd\u0259 G\u0259linim Olsun, Bay\u0131rda Yezn\u0259m\">Read more<\/a><\/p>\n","protected":false},"author":2,"featured_media":0,"comment_status":"open","ping_status":"open","sticky":false,"template":"","format":"standard","meta":{"footnotes":""},"categories":[1],"tags":[],"class_list":["post-6452","post","type-post","status-publish","format-standard","hentry","category-atalar-sozleri-atalar-sozu"],"aioseo_notices":[],"_links":{"self":[{"href":"https:\/\/nedir.az\/atalar-sozleri\/wp-json\/wp\/v2\/posts\/6452","targetHints":{"allow":["GET"]}}],"collection":[{"href":"https:\/\/nedir.az\/atalar-sozleri\/wp-json\/wp\/v2\/posts"}],"about":[{"href":"https:\/\/nedir.az\/atalar-sozleri\/wp-json\/wp\/v2\/types\/post"}],"author":[{"embeddable":true,"href":"https:\/\/nedir.az\/atalar-sozleri\/wp-json\/wp\/v2\/users\/2"}],"replies":[{"embeddable":true,"href":"https:\/\/nedir.az\/atalar-sozleri\/wp-json\/wp\/v2\/comments?post=6452"}],"version-history":[{"count":0,"href":"https:\/\/nedir.az\/atalar-sozleri\/wp-json\/wp\/v2\/posts\/6452\/revisions"}],"wp:attachment":[{"href":"https:\/\/nedir.az\/atalar-sozleri\/wp-json\/wp\/v2\/media?parent=6452"}],"wp:term":[{"taxonomy":"category","embeddable":true,"href":"https:\/\/nedir.az\/atalar-sozleri\/wp-json\/wp\/v2\/categories?post=6452"},{"taxonomy":"post_tag","embeddable":true,"href":"https:\/\/nedir.az\/atalar-sozleri\/wp-json\/wp\/v2\/tags?post=6452"}],"curies":[{"name":"wp","href":"https:\/\/api.w.org\/{rel}","templated":true}]}}