{"id":6451,"date":"2024-09-06T21:34:18","date_gmt":"2024-09-06T21:34:18","guid":{"rendered":""},"modified":"-0001-11-30T00:00:00","modified_gmt":"-0001-11-29T21:00:00","slug":"evde-div-olur-colde-divane","status":"publish","type":"post","link":"https:\/\/nedir.az\/atalar-sozleri\/evde-div-olur-colde-divane-atalar-sozunun-menasi-nedir","title":{"rendered":"Evd\u0259 Div Olur, \u00c7\u00f6ld\u0259 Divan\u0259"},"content":{"rendered":"<p>&#8220;evd\u0259 div olur, \u00e7\u00f6ld\u0259 divan\u0259&#8221; atalar s\u00f6z\u00fc, insan\u0131n evd\u0259ki davran\u0131\u015flar\u0131n\u0131n, xarakterinin v\u0259 ya \u015f\u0259xsiyy\u0259tinin \u00e7\u00f6ld\u0259ki davran\u0131\u015flar\u0131na t\u0259sir etdiyini vur\u011fulay\u0131r. Bu s\u00f6z, evd\u0259 \u00f6z\u00fcn\u00fc c\u0259sar\u0259tli, g\u00fccl\u00fc v\u0259 ya m\u00fcdrik hiss ed\u0259n birinin, \u00e7\u00f6ld\u0259 daha z\u0259if, qorxaq v\u0259 ya \u00e7a\u015fq\u0131n ola bil\u0259c\u0259yini ifad\u0259 edir. Y\u0259ni, insan\u0131n evd\u0259ki rahatl\u0131\u011f\u0131 v\u0259 t\u0259hl\u00fck\u0259sizliyi, onun xaricd\u0259ki davran\u0131\u015flar\u0131na t\u0259sir edir. Bu atalar s\u00f6z\u00fc, insan\u0131n \u00f6z evind\u0259ki v\u0259ziyy\u0259tinin, onun ictimai h\u0259yatda nec\u0259 davrand\u0131\u011f\u0131na dair bir ayna oldu\u011funu g\u00f6st\u0259rir.<\/p>\n<p><b>Q\u0131sa M\u0259nas\u0131<\/b><br \/>\u0130nsan\u0131n evd\u0259ki davran\u0131\u015flar\u0131, \u00e7\u00f6ld\u0259ki davran\u0131\u015flar\u0131na t\u0259sir edir.<\/p>\n","protected":false},"excerpt":{"rendered":"<p>&#8220;evd\u0259 div olur, \u00e7\u00f6ld\u0259 divan\u0259&#8221; atalar s\u00f6z\u00fc, insan\u0131n evd\u0259ki davran\u0131\u015flar\u0131n\u0131n, xarakterinin v\u0259 ya \u015f\u0259xsiyy\u0259tinin \u00e7\u00f6ld\u0259ki davran\u0131\u015flar\u0131na t\u0259sir etdiyini vur\u011fulay\u0131r. Bu s\u00f6z, evd\u0259 \u00f6z\u00fcn\u00fc c\u0259sar\u0259tli, g\u00fccl\u00fc v\u0259 ya m\u00fcdrik hiss ed\u0259n birinin, \u00e7\u00f6ld\u0259 daha z\u0259if, qorxaq v\u0259 ya \u00e7a\u015fq\u0131n ola bil\u0259c\u0259yini ifad\u0259 edir. Y\u0259ni, insan\u0131n evd\u0259ki rahatl\u0131\u011f\u0131 v\u0259 t\u0259hl\u00fck\u0259sizliyi, onun xaricd\u0259ki davran\u0131\u015flar\u0131na t\u0259sir edir. Bu atalar &#8230; <a title=\"Evd\u0259 Div Olur, \u00c7\u00f6ld\u0259 Divan\u0259\" class=\"read-more\" href=\"https:\/\/nedir.az\/atalar-sozleri\/evde-div-olur-colde-divane-atalar-sozunun-menasi-nedir\" aria-label=\"Read more about Evd\u0259 Div Olur, \u00c7\u00f6ld\u0259 Divan\u0259\">Read more<\/a><\/p>\n","protected":false},"author":2,"featured_media":0,"comment_status":"open","ping_status":"open","sticky":false,"template":"","format":"standard","meta":{"footnotes":""},"categories":[1],"tags":[],"class_list":["post-6451","post","type-post","status-publish","format-standard","hentry","category-atalar-sozleri-atalar-sozu"],"aioseo_notices":[],"_links":{"self":[{"href":"https:\/\/nedir.az\/atalar-sozleri\/wp-json\/wp\/v2\/posts\/6451","targetHints":{"allow":["GET"]}}],"collection":[{"href":"https:\/\/nedir.az\/atalar-sozleri\/wp-json\/wp\/v2\/posts"}],"about":[{"href":"https:\/\/nedir.az\/atalar-sozleri\/wp-json\/wp\/v2\/types\/post"}],"author":[{"embeddable":true,"href":"https:\/\/nedir.az\/atalar-sozleri\/wp-json\/wp\/v2\/users\/2"}],"replies":[{"embeddable":true,"href":"https:\/\/nedir.az\/atalar-sozleri\/wp-json\/wp\/v2\/comments?post=6451"}],"version-history":[{"count":0,"href":"https:\/\/nedir.az\/atalar-sozleri\/wp-json\/wp\/v2\/posts\/6451\/revisions"}],"wp:attachment":[{"href":"https:\/\/nedir.az\/atalar-sozleri\/wp-json\/wp\/v2\/media?parent=6451"}],"wp:term":[{"taxonomy":"category","embeddable":true,"href":"https:\/\/nedir.az\/atalar-sozleri\/wp-json\/wp\/v2\/categories?post=6451"},{"taxonomy":"post_tag","embeddable":true,"href":"https:\/\/nedir.az\/atalar-sozleri\/wp-json\/wp\/v2\/tags?post=6451"}],"curies":[{"name":"wp","href":"https:\/\/api.w.org\/{rel}","templated":true}]}}