{"id":6450,"date":"2024-09-06T21:34:18","date_gmt":"2024-09-06T21:34:18","guid":{"rendered":""},"modified":"-0001-11-30T00:00:00","modified_gmt":"-0001-11-29T21:00:00","slug":"evde-bismeyib-qonsudan-gelmeyib","status":"publish","type":"post","link":"https:\/\/nedir.az\/atalar-sozleri\/evde-bismeyib-qonsudan-gelmeyib-atalar-sozunun-menasi-nedir","title":{"rendered":"Evd\u0259 Bi\u015fm\u0259yib, Qon\u015fudan G\u0259lm\u0259yib"},"content":{"rendered":"<p>&#8220;evd\u0259 bi\u015fm\u0259yib, qon\u015fudan g\u0259lm\u0259yib&#8221; atalar s\u00f6z\u00fc, bir \u015feyin \u00f6z \u0259m\u0259yi il\u0259 \u0259ld\u0259 edilm\u0259diyini, ba\u015fqalar\u0131n\u0131n z\u0259hm\u0259tind\u0259n yararlan\u0131ld\u0131\u011f\u0131n\u0131 ifad\u0259 edir. Bu s\u00f6z, insanlar\u0131n \u00f6z i\u015fl\u0259rini g\u00f6rm\u0259d\u0259n, ba\u015fqalar\u0131n\u0131n i\u015fl\u0259rin\u0259 bel ba\u011flamalar\u0131n\u0131n m\u0259nfi n\u0259tic\u0259l\u0259rini vur\u011fulamaq m\u0259qs\u0259dini g\u00fcd\u00fcr. H\u0259m\u00e7inin, bu atalar s\u00f6z\u00fc, insanlara \u00f6z z\u0259hm\u0259tini qiym\u0259tl\u0259ndirm\u0259yi, ba\u015fqalar\u0131n\u0131n \u0259m\u0259yi il\u0259 ya\u015fama\u011f\u0131n d\u00fczg\u00fcn olmad\u0131\u011f\u0131n\u0131 xat\u0131rlad\u0131r.<\/p>\n<p><b>Q\u0131sa M\u0259nas\u0131<\/b><br \/> \u00d6z z\u0259hm\u0259tini qiym\u0259tl\u0259ndirm\u0259d\u0259n, ba\u015fqalar\u0131n\u0131n i\u015find\u0259n yararlanma\u011f\u0131n m\u0259nfi t\u0259r\u0259fl\u0259rini ifad\u0259 edir.<\/p>\n","protected":false},"excerpt":{"rendered":"<p>&#8220;evd\u0259 bi\u015fm\u0259yib, qon\u015fudan g\u0259lm\u0259yib&#8221; atalar s\u00f6z\u00fc, bir \u015feyin \u00f6z \u0259m\u0259yi il\u0259 \u0259ld\u0259 edilm\u0259diyini, ba\u015fqalar\u0131n\u0131n z\u0259hm\u0259tind\u0259n yararlan\u0131ld\u0131\u011f\u0131n\u0131 ifad\u0259 edir. Bu s\u00f6z, insanlar\u0131n \u00f6z i\u015fl\u0259rini g\u00f6rm\u0259d\u0259n, ba\u015fqalar\u0131n\u0131n i\u015fl\u0259rin\u0259 bel ba\u011flamalar\u0131n\u0131n m\u0259nfi n\u0259tic\u0259l\u0259rini vur\u011fulamaq m\u0259qs\u0259dini g\u00fcd\u00fcr. H\u0259m\u00e7inin, bu atalar s\u00f6z\u00fc, insanlara \u00f6z z\u0259hm\u0259tini qiym\u0259tl\u0259ndirm\u0259yi, ba\u015fqalar\u0131n\u0131n \u0259m\u0259yi il\u0259 ya\u015fama\u011f\u0131n d\u00fczg\u00fcn olmad\u0131\u011f\u0131n\u0131 xat\u0131rlad\u0131r. Q\u0131sa M\u0259nas\u0131 \u00d6z z\u0259hm\u0259tini qiym\u0259tl\u0259ndirm\u0259d\u0259n, ba\u015fqalar\u0131n\u0131n i\u015find\u0259n &#8230; <a title=\"Evd\u0259 Bi\u015fm\u0259yib, Qon\u015fudan G\u0259lm\u0259yib\" class=\"read-more\" href=\"https:\/\/nedir.az\/atalar-sozleri\/evde-bismeyib-qonsudan-gelmeyib-atalar-sozunun-menasi-nedir\" aria-label=\"Read more about Evd\u0259 Bi\u015fm\u0259yib, Qon\u015fudan G\u0259lm\u0259yib\">Read more<\/a><\/p>\n","protected":false},"author":2,"featured_media":0,"comment_status":"open","ping_status":"open","sticky":false,"template":"","format":"standard","meta":{"footnotes":""},"categories":[1],"tags":[],"class_list":["post-6450","post","type-post","status-publish","format-standard","hentry","category-atalar-sozleri-atalar-sozu"],"aioseo_notices":[],"_links":{"self":[{"href":"https:\/\/nedir.az\/atalar-sozleri\/wp-json\/wp\/v2\/posts\/6450","targetHints":{"allow":["GET"]}}],"collection":[{"href":"https:\/\/nedir.az\/atalar-sozleri\/wp-json\/wp\/v2\/posts"}],"about":[{"href":"https:\/\/nedir.az\/atalar-sozleri\/wp-json\/wp\/v2\/types\/post"}],"author":[{"embeddable":true,"href":"https:\/\/nedir.az\/atalar-sozleri\/wp-json\/wp\/v2\/users\/2"}],"replies":[{"embeddable":true,"href":"https:\/\/nedir.az\/atalar-sozleri\/wp-json\/wp\/v2\/comments?post=6450"}],"version-history":[{"count":0,"href":"https:\/\/nedir.az\/atalar-sozleri\/wp-json\/wp\/v2\/posts\/6450\/revisions"}],"wp:attachment":[{"href":"https:\/\/nedir.az\/atalar-sozleri\/wp-json\/wp\/v2\/media?parent=6450"}],"wp:term":[{"taxonomy":"category","embeddable":true,"href":"https:\/\/nedir.az\/atalar-sozleri\/wp-json\/wp\/v2\/categories?post=6450"},{"taxonomy":"post_tag","embeddable":true,"href":"https:\/\/nedir.az\/atalar-sozleri\/wp-json\/wp\/v2\/tags?post=6450"}],"curies":[{"name":"wp","href":"https:\/\/api.w.org\/{rel}","templated":true}]}}