{"id":6449,"date":"2024-09-06T21:34:18","date_gmt":"2024-09-06T21:34:18","guid":{"rendered":""},"modified":"-0001-11-30T00:00:00","modified_gmt":"-0001-11-29T21:00:00","slug":"ev-tiken-balta-colde-qalar","status":"publish","type":"post","link":"https:\/\/nedir.az\/atalar-sozleri\/ev-tiken-balta-colde-qalar-atalar-sozunun-menasi-nedir","title":{"rendered":"Ev Tik\u0259n Balta \u00c7\u00f6ld\u0259 Qalar"},"content":{"rendered":"<p>&#8220;ev tik\u0259n balta \u00e7\u00f6ld\u0259 qalar&#8221; atalar s\u00f6z\u00fcn\u00fcn m\u0259nas\u0131, bir i\u015fin g\u00f6r\u00fclm\u0259si \u00fc\u00e7\u00fcn laz\u0131m olan vasit\u0259l\u0259rin, al\u0259tl\u0259rin v\u0259 ya resurslar\u0131n d\u00fczg\u00fcn istifad\u0259 edilm\u0259dikd\u0259, o i\u015fin u\u011fursuz olaca\u011f\u0131n\u0131 ifad\u0259 edir. Bu s\u00f6z, bir i\u015fin ba\u015fa \u00e7atd\u0131r\u0131lmas\u0131 \u00fc\u00e7\u00fcn laz\u0131m olan haz\u0131rl\u0131qlar\u0131n v\u0259 ya al\u0259tl\u0259rin olmamas\u0131 hal\u0131nda, o i\u015fin yar\u0131m\u00e7\u0131q qalaca\u011f\u0131n\u0131 vur\u011fulay\u0131r. Y\u0259ni, bir \u015feyin d\u00fczg\u00fcn yerin\u0259 yetirilm\u0259si \u00fc\u00e7\u00fcn onun \u00fc\u00e7\u00fcn uy\u011fun olan b\u00fct\u00fcn t\u0259l\u0259bl\u0259rin yerin\u0259 yetirilm\u0259si vacibdir.<\/p>\n<p><b>Q\u0131sa M\u0259nas\u0131<\/b><br \/> \u0130\u015fin d\u00fczg\u00fcn yerin\u0259 yetirilm\u0259si \u00fc\u00e7\u00fcn laz\u0131m olan vasit\u0259l\u0259rin olmamas\u0131, o i\u015fin u\u011fursuz olaca\u011f\u0131n\u0131 g\u00f6st\u0259rir.<\/p>\n","protected":false},"excerpt":{"rendered":"<p>&#8220;ev tik\u0259n balta \u00e7\u00f6ld\u0259 qalar&#8221; atalar s\u00f6z\u00fcn\u00fcn m\u0259nas\u0131, bir i\u015fin g\u00f6r\u00fclm\u0259si \u00fc\u00e7\u00fcn laz\u0131m olan vasit\u0259l\u0259rin, al\u0259tl\u0259rin v\u0259 ya resurslar\u0131n d\u00fczg\u00fcn istifad\u0259 edilm\u0259dikd\u0259, o i\u015fin u\u011fursuz olaca\u011f\u0131n\u0131 ifad\u0259 edir. Bu s\u00f6z, bir i\u015fin ba\u015fa \u00e7atd\u0131r\u0131lmas\u0131 \u00fc\u00e7\u00fcn laz\u0131m olan haz\u0131rl\u0131qlar\u0131n v\u0259 ya al\u0259tl\u0259rin olmamas\u0131 hal\u0131nda, o i\u015fin yar\u0131m\u00e7\u0131q qalaca\u011f\u0131n\u0131 vur\u011fulay\u0131r. Y\u0259ni, bir \u015feyin d\u00fczg\u00fcn yerin\u0259 yetirilm\u0259si \u00fc\u00e7\u00fcn &#8230; <a title=\"Ev Tik\u0259n Balta \u00c7\u00f6ld\u0259 Qalar\" class=\"read-more\" href=\"https:\/\/nedir.az\/atalar-sozleri\/ev-tiken-balta-colde-qalar-atalar-sozunun-menasi-nedir\" aria-label=\"Read more about Ev Tik\u0259n Balta \u00c7\u00f6ld\u0259 Qalar\">Read more<\/a><\/p>\n","protected":false},"author":2,"featured_media":0,"comment_status":"open","ping_status":"open","sticky":false,"template":"","format":"standard","meta":{"footnotes":""},"categories":[1],"tags":[],"class_list":["post-6449","post","type-post","status-publish","format-standard","hentry","category-atalar-sozleri-atalar-sozu"],"aioseo_notices":[],"_links":{"self":[{"href":"https:\/\/nedir.az\/atalar-sozleri\/wp-json\/wp\/v2\/posts\/6449","targetHints":{"allow":["GET"]}}],"collection":[{"href":"https:\/\/nedir.az\/atalar-sozleri\/wp-json\/wp\/v2\/posts"}],"about":[{"href":"https:\/\/nedir.az\/atalar-sozleri\/wp-json\/wp\/v2\/types\/post"}],"author":[{"embeddable":true,"href":"https:\/\/nedir.az\/atalar-sozleri\/wp-json\/wp\/v2\/users\/2"}],"replies":[{"embeddable":true,"href":"https:\/\/nedir.az\/atalar-sozleri\/wp-json\/wp\/v2\/comments?post=6449"}],"version-history":[{"count":0,"href":"https:\/\/nedir.az\/atalar-sozleri\/wp-json\/wp\/v2\/posts\/6449\/revisions"}],"wp:attachment":[{"href":"https:\/\/nedir.az\/atalar-sozleri\/wp-json\/wp\/v2\/media?parent=6449"}],"wp:term":[{"taxonomy":"category","embeddable":true,"href":"https:\/\/nedir.az\/atalar-sozleri\/wp-json\/wp\/v2\/categories?post=6449"},{"taxonomy":"post_tag","embeddable":true,"href":"https:\/\/nedir.az\/atalar-sozleri\/wp-json\/wp\/v2\/tags?post=6449"}],"curies":[{"name":"wp","href":"https:\/\/api.w.org\/{rel}","templated":true}]}}