{"id":6445,"date":"2024-09-06T21:34:18","date_gmt":"2024-09-06T21:34:18","guid":{"rendered":""},"modified":"-0001-11-30T00:00:00","modified_gmt":"-0001-11-29T21:00:00","slug":"ev-sozsuz-olmaz-mese-caqqalsiz","status":"publish","type":"post","link":"https:\/\/nedir.az\/atalar-sozleri\/ev-sozsuz-olmaz-mese-caqqalsiz-atalar-sozunun-menasi-nedir","title":{"rendered":"Ev S\u00f6zs\u00fcz Olmaz, Me\u015f\u0259 \u00c7aqqals\u0131z"},"content":{"rendered":"<p>&#8220;ev s\u00f6zs\u00fcz olmaz, me\u015f\u0259 \u00e7aqqals\u0131z&#8221; atalar s\u00f6z\u00fc, bir \u015feyin tam olmas\u0131 \u00fc\u00e7\u00fcn onun m\u00fctl\u0259q bir par\u00e7as\u0131n\u0131n olmas\u0131 laz\u0131m oldu\u011funu ifad\u0259 edir. Bu s\u00f6z, bir evin i\u00e7ind\u0259ki insanlar\u0131n bir-birin\u0259 olan ba\u011fl\u0131l\u0131\u011f\u0131n\u0131, h\u0259m\u00e7inin bir me\u015f\u0259nin i\u00e7ind\u0259ki canl\u0131lar\u0131n bir-birini tamamlad\u0131\u011f\u0131n\u0131 vur\u011fulay\u0131r. Y\u0259ni, bir \u015feyin tam olmas\u0131 \u00fc\u00e7\u00fcn onun m\u00fctl\u0259q bir tamamlay\u0131c\u0131ya ehtiyac\u0131 vard\u0131r. Bu atalar s\u00f6z\u00fc, insanlar\u0131n bir-birin\u0259 olan ehtiyac\u0131n\u0131, birlikd\u0259 ya\u015fama\u011f\u0131n v\u0259 \u0259m\u0259kda\u015fl\u0131\u011f\u0131n \u0259h\u0259miyy\u0259tini g\u00f6st\u0259rir.<\/p>\n<p><b>Q\u0131sa M\u0259nas\u0131<\/b><br \/> <br \/>\nBir \u015feyin tam olmas\u0131 \u00fc\u00e7\u00fcn onun m\u00fctl\u0259q bir par\u00e7as\u0131n\u0131n olmas\u0131 laz\u0131m oldu\u011funu ifad\u0259 edir.<\/p>\n","protected":false},"excerpt":{"rendered":"<p>&#8220;ev s\u00f6zs\u00fcz olmaz, me\u015f\u0259 \u00e7aqqals\u0131z&#8221; atalar s\u00f6z\u00fc, bir \u015feyin tam olmas\u0131 \u00fc\u00e7\u00fcn onun m\u00fctl\u0259q bir par\u00e7as\u0131n\u0131n olmas\u0131 laz\u0131m oldu\u011funu ifad\u0259 edir. Bu s\u00f6z, bir evin i\u00e7ind\u0259ki insanlar\u0131n bir-birin\u0259 olan ba\u011fl\u0131l\u0131\u011f\u0131n\u0131, h\u0259m\u00e7inin bir me\u015f\u0259nin i\u00e7ind\u0259ki canl\u0131lar\u0131n bir-birini tamamlad\u0131\u011f\u0131n\u0131 vur\u011fulay\u0131r. Y\u0259ni, bir \u015feyin tam olmas\u0131 \u00fc\u00e7\u00fcn onun m\u00fctl\u0259q bir tamamlay\u0131c\u0131ya ehtiyac\u0131 vard\u0131r. Bu atalar s\u00f6z\u00fc, insanlar\u0131n bir-birin\u0259 &#8230; <a title=\"Ev S\u00f6zs\u00fcz Olmaz, Me\u015f\u0259 \u00c7aqqals\u0131z\" class=\"read-more\" href=\"https:\/\/nedir.az\/atalar-sozleri\/ev-sozsuz-olmaz-mese-caqqalsiz-atalar-sozunun-menasi-nedir\" aria-label=\"Read more about Ev S\u00f6zs\u00fcz Olmaz, Me\u015f\u0259 \u00c7aqqals\u0131z\">Read more<\/a><\/p>\n","protected":false},"author":2,"featured_media":0,"comment_status":"open","ping_status":"open","sticky":false,"template":"","format":"standard","meta":{"footnotes":""},"categories":[1],"tags":[],"class_list":["post-6445","post","type-post","status-publish","format-standard","hentry","category-atalar-sozleri-atalar-sozu"],"aioseo_notices":[],"_links":{"self":[{"href":"https:\/\/nedir.az\/atalar-sozleri\/wp-json\/wp\/v2\/posts\/6445","targetHints":{"allow":["GET"]}}],"collection":[{"href":"https:\/\/nedir.az\/atalar-sozleri\/wp-json\/wp\/v2\/posts"}],"about":[{"href":"https:\/\/nedir.az\/atalar-sozleri\/wp-json\/wp\/v2\/types\/post"}],"author":[{"embeddable":true,"href":"https:\/\/nedir.az\/atalar-sozleri\/wp-json\/wp\/v2\/users\/2"}],"replies":[{"embeddable":true,"href":"https:\/\/nedir.az\/atalar-sozleri\/wp-json\/wp\/v2\/comments?post=6445"}],"version-history":[{"count":0,"href":"https:\/\/nedir.az\/atalar-sozleri\/wp-json\/wp\/v2\/posts\/6445\/revisions"}],"wp:attachment":[{"href":"https:\/\/nedir.az\/atalar-sozleri\/wp-json\/wp\/v2\/media?parent=6445"}],"wp:term":[{"taxonomy":"category","embeddable":true,"href":"https:\/\/nedir.az\/atalar-sozleri\/wp-json\/wp\/v2\/categories?post=6445"},{"taxonomy":"post_tag","embeddable":true,"href":"https:\/\/nedir.az\/atalar-sozleri\/wp-json\/wp\/v2\/tags?post=6445"}],"curies":[{"name":"wp","href":"https:\/\/api.w.org\/{rel}","templated":true}]}}