{"id":6436,"date":"2024-09-06T21:34:18","date_gmt":"2024-09-06T21:34:18","guid":{"rendered":""},"modified":"-0001-11-30T00:00:00","modified_gmt":"-0001-11-29T21:00:00","slug":"ev-bize-qaldi-desene-halva-bisibdir-yesene","status":"publish","type":"post","link":"https:\/\/nedir.az\/atalar-sozleri\/ev-bize-qaldi-desene-halva-bisibdir-yesene-atalar-sozunun-menasi-nedir","title":{"rendered":"Ev Biz\u0259 Qald\u0131 Des\u0259n\u0259, Halva Bi\u015fibdir Yes\u0259n\u0259"},"content":{"rendered":"<p>&#8220;Ev biz\u0259 qald\u0131 des\u0259n\u0259, halva bi\u015fibdir yes\u0259n\u0259&#8221; atalar s\u00f6z\u00fc, bir i\u015fin, m\u00fclk\u00fcn v\u0259 ya m\u0259suliyy\u0259tin ba\u015fqas\u0131na ke\u00e7diyi zaman, onun art\u0131q haz\u0131r oldu\u011funu v\u0259 bundan faydalanma\u011f\u0131n m\u00fcmk\u00fcn oldu\u011funu ifad\u0259 edir. Bu s\u00f6z, bir \u015feyin ba\u015fqas\u0131na verildikd\u0259, onun art\u0131q tam haz\u0131r oldu\u011fu v\u0259 istifad\u0259 edil\u0259 bil\u0259c\u0259yi anlam\u0131n\u0131 da\u015f\u0131y\u0131r. Eyni zamanda, bu atalar s\u00f6z\u00fc, bir \u015feyin d\u0259y\u0259rini v\u0259 ya \u0259h\u0259miyy\u0259tini vur\u011fulamaq \u00fc\u00e7\u00fcn d\u0259 istifad\u0259 olunur.<\/p>\n<p><b>Q\u0131sa M\u0259nas\u0131<\/b><br \/>Bu atalar s\u00f6z\u00fc, bir i\u015fin ba\u015fqas\u0131na ke\u00e7diyi zaman onun art\u0131q haz\u0131r oldu\u011funu v\u0259 ondan faydalanma\u011f\u0131n m\u00fcmk\u00fcn oldu\u011funu bildirir.<\/p>\n","protected":false},"excerpt":{"rendered":"<p>&#8220;Ev biz\u0259 qald\u0131 des\u0259n\u0259, halva bi\u015fibdir yes\u0259n\u0259&#8221; atalar s\u00f6z\u00fc, bir i\u015fin, m\u00fclk\u00fcn v\u0259 ya m\u0259suliyy\u0259tin ba\u015fqas\u0131na ke\u00e7diyi zaman, onun art\u0131q haz\u0131r oldu\u011funu v\u0259 bundan faydalanma\u011f\u0131n m\u00fcmk\u00fcn oldu\u011funu ifad\u0259 edir. Bu s\u00f6z, bir \u015feyin ba\u015fqas\u0131na verildikd\u0259, onun art\u0131q tam haz\u0131r oldu\u011fu v\u0259 istifad\u0259 edil\u0259 bil\u0259c\u0259yi anlam\u0131n\u0131 da\u015f\u0131y\u0131r. Eyni zamanda, bu atalar s\u00f6z\u00fc, bir \u015feyin d\u0259y\u0259rini v\u0259 &#8230; <a title=\"Ev Biz\u0259 Qald\u0131 Des\u0259n\u0259, Halva Bi\u015fibdir Yes\u0259n\u0259\" class=\"read-more\" href=\"https:\/\/nedir.az\/atalar-sozleri\/ev-bize-qaldi-desene-halva-bisibdir-yesene-atalar-sozunun-menasi-nedir\" aria-label=\"Read more about Ev Biz\u0259 Qald\u0131 Des\u0259n\u0259, Halva Bi\u015fibdir Yes\u0259n\u0259\">Read more<\/a><\/p>\n","protected":false},"author":2,"featured_media":0,"comment_status":"open","ping_status":"open","sticky":false,"template":"","format":"standard","meta":{"footnotes":""},"categories":[1],"tags":[],"class_list":["post-6436","post","type-post","status-publish","format-standard","hentry","category-atalar-sozleri-atalar-sozu"],"aioseo_notices":[],"_links":{"self":[{"href":"https:\/\/nedir.az\/atalar-sozleri\/wp-json\/wp\/v2\/posts\/6436","targetHints":{"allow":["GET"]}}],"collection":[{"href":"https:\/\/nedir.az\/atalar-sozleri\/wp-json\/wp\/v2\/posts"}],"about":[{"href":"https:\/\/nedir.az\/atalar-sozleri\/wp-json\/wp\/v2\/types\/post"}],"author":[{"embeddable":true,"href":"https:\/\/nedir.az\/atalar-sozleri\/wp-json\/wp\/v2\/users\/2"}],"replies":[{"embeddable":true,"href":"https:\/\/nedir.az\/atalar-sozleri\/wp-json\/wp\/v2\/comments?post=6436"}],"version-history":[{"count":0,"href":"https:\/\/nedir.az\/atalar-sozleri\/wp-json\/wp\/v2\/posts\/6436\/revisions"}],"wp:attachment":[{"href":"https:\/\/nedir.az\/atalar-sozleri\/wp-json\/wp\/v2\/media?parent=6436"}],"wp:term":[{"taxonomy":"category","embeddable":true,"href":"https:\/\/nedir.az\/atalar-sozleri\/wp-json\/wp\/v2\/categories?post=6436"},{"taxonomy":"post_tag","embeddable":true,"href":"https:\/\/nedir.az\/atalar-sozleri\/wp-json\/wp\/v2\/tags?post=6436"}],"curies":[{"name":"wp","href":"https:\/\/api.w.org\/{rel}","templated":true}]}}