{"id":6434,"date":"2024-09-06T21:34:18","date_gmt":"2024-09-06T21:34:18","guid":{"rendered":""},"modified":"-0001-11-30T00:00:00","modified_gmt":"-0001-11-29T21:00:00","slug":"ev-ayrani-aci-olar","status":"publish","type":"post","link":"https:\/\/nedir.az\/atalar-sozleri\/ev-ayrani-aci-olar-atalar-sozunun-menasi-nedir","title":{"rendered":"Ev Ayran\u0131 Ac\u0131 Olar"},"content":{"rendered":"<p>&#8220;ev ayran\u0131 ac\u0131 olar&#8221; atalar s\u00f6z\u00fcn\u00fcn m\u0259nas\u0131, insan\u0131n \u00f6z evind\u0259n, ail\u0259sind\u0259n uzaq d\u00fc\u015fd\u00fckd\u0259, orada ya\u015fad\u0131\u011f\u0131 xo\u015fb\u0259xtlikl\u0259rin v\u0259 rahatl\u0131\u011f\u0131n d\u0259y\u0259rini daha yax\u015f\u0131 anlamas\u0131d\u0131r. Bu atalar s\u00f6z\u00fc, evin v\u0259 ail\u0259nin insan \u00fc\u00e7\u00fcn n\u0259 q\u0259d\u0259r \u0259h\u0259miyy\u0259tli oldu\u011funu vur\u011fulay\u0131r. Eyni zamanda, insan\u0131n evd\u0259n ayr\u0131lmas\u0131n\u0131n, orada ya\u015fad\u0131\u011f\u0131 g\u00f6z\u0259l anlar\u0131n, sevgi v\u0259 qay\u011f\u0131n\u0131n itirilm\u0259si il\u0259 n\u0259tic\u0259l\u0259n\u0259 bil\u0259c\u0259yini ifad\u0259 edir. Bu, insan\u0131n \u00f6z evini, ail\u0259sini qiym\u0259tl\u0259ndirm\u0259si v\u0259 onlara d\u0259y\u0259r verm\u0259si laz\u0131m oldu\u011funu xat\u0131rlad\u0131r.<\/p>\n<p><b>Q\u0131sa M\u0259nas\u0131<\/b><br \/>Ev v\u0259 ail\u0259nin insan \u00fc\u00e7\u00fcn \u0259h\u0259miyy\u0259tini vur\u011fulayan bir atalar s\u00f6z\u00fc.<\/p>\n","protected":false},"excerpt":{"rendered":"<p>&#8220;ev ayran\u0131 ac\u0131 olar&#8221; atalar s\u00f6z\u00fcn\u00fcn m\u0259nas\u0131, insan\u0131n \u00f6z evind\u0259n, ail\u0259sind\u0259n uzaq d\u00fc\u015fd\u00fckd\u0259, orada ya\u015fad\u0131\u011f\u0131 xo\u015fb\u0259xtlikl\u0259rin v\u0259 rahatl\u0131\u011f\u0131n d\u0259y\u0259rini daha yax\u015f\u0131 anlamas\u0131d\u0131r. Bu atalar s\u00f6z\u00fc, evin v\u0259 ail\u0259nin insan \u00fc\u00e7\u00fcn n\u0259 q\u0259d\u0259r \u0259h\u0259miyy\u0259tli oldu\u011funu vur\u011fulay\u0131r. Eyni zamanda, insan\u0131n evd\u0259n ayr\u0131lmas\u0131n\u0131n, orada ya\u015fad\u0131\u011f\u0131 g\u00f6z\u0259l anlar\u0131n, sevgi v\u0259 qay\u011f\u0131n\u0131n itirilm\u0259si il\u0259 n\u0259tic\u0259l\u0259n\u0259 bil\u0259c\u0259yini ifad\u0259 edir. Bu, insan\u0131n &#8230; <a title=\"Ev Ayran\u0131 Ac\u0131 Olar\" class=\"read-more\" href=\"https:\/\/nedir.az\/atalar-sozleri\/ev-ayrani-aci-olar-atalar-sozunun-menasi-nedir\" aria-label=\"Read more about Ev Ayran\u0131 Ac\u0131 Olar\">Read more<\/a><\/p>\n","protected":false},"author":2,"featured_media":0,"comment_status":"open","ping_status":"open","sticky":false,"template":"","format":"standard","meta":{"footnotes":""},"categories":[1],"tags":[],"class_list":["post-6434","post","type-post","status-publish","format-standard","hentry","category-atalar-sozleri-atalar-sozu"],"aioseo_notices":[],"_links":{"self":[{"href":"https:\/\/nedir.az\/atalar-sozleri\/wp-json\/wp\/v2\/posts\/6434","targetHints":{"allow":["GET"]}}],"collection":[{"href":"https:\/\/nedir.az\/atalar-sozleri\/wp-json\/wp\/v2\/posts"}],"about":[{"href":"https:\/\/nedir.az\/atalar-sozleri\/wp-json\/wp\/v2\/types\/post"}],"author":[{"embeddable":true,"href":"https:\/\/nedir.az\/atalar-sozleri\/wp-json\/wp\/v2\/users\/2"}],"replies":[{"embeddable":true,"href":"https:\/\/nedir.az\/atalar-sozleri\/wp-json\/wp\/v2\/comments?post=6434"}],"version-history":[{"count":0,"href":"https:\/\/nedir.az\/atalar-sozleri\/wp-json\/wp\/v2\/posts\/6434\/revisions"}],"wp:attachment":[{"href":"https:\/\/nedir.az\/atalar-sozleri\/wp-json\/wp\/v2\/media?parent=6434"}],"wp:term":[{"taxonomy":"category","embeddable":true,"href":"https:\/\/nedir.az\/atalar-sozleri\/wp-json\/wp\/v2\/categories?post=6434"},{"taxonomy":"post_tag","embeddable":true,"href":"https:\/\/nedir.az\/atalar-sozleri\/wp-json\/wp\/v2\/tags?post=6434"}],"curies":[{"name":"wp","href":"https:\/\/api.w.org\/{rel}","templated":true}]}}