{"id":6433,"date":"2024-09-06T21:34:18","date_gmt":"2024-09-06T21:34:18","guid":{"rendered":""},"modified":"-0001-11-30T00:00:00","modified_gmt":"-0001-11-29T21:00:00","slug":"ev-almiram-qonsu-aliram","status":"publish","type":"post","link":"https:\/\/nedir.az\/atalar-sozleri\/ev-almiram-qonsu-aliram-atalar-sozunun-menasi-nedir","title":{"rendered":"Ev Alm\u0131ram, Qon\u015fu Al\u0131ram"},"content":{"rendered":"<p>&#8220;ev alm\u0131ram, qon\u015fu al\u0131ram&#8221; atalar s\u00f6z\u00fc, insan\u0131n yaln\u0131z \u00f6z m\u0259nzilini deyil, h\u0259m d\u0259 qon\u015fular\u0131n\u0131 se\u00e7m\u0259sinin vacibliyini vur\u011fulay\u0131r. Bu s\u00f6z, bir insan\u0131n ya\u015fad\u0131\u011f\u0131 m\u00fchitin, qon\u015fular\u0131n\u0131n v\u0259 c\u0259miyy\u0259tin onun h\u0259yat\u0131na t\u0259sir etdiyini g\u00f6st\u0259rir. Y\u0259ni, insan\u0131n ev almas\u0131, onun yaln\u0131z \u00f6z rahatl\u0131\u011f\u0131 \u00fc\u00e7\u00fcn deyil, eyni zamanda, qon\u015fular\u0131n\u0131n keyfiyy\u0259ti v\u0259 m\u00fcnasib\u0259tl\u0259ri il\u0259 d\u0259 ba\u011fl\u0131d\u0131r. Yax\u015f\u0131 qon\u015fular, insan\u0131n h\u0259yat\u0131n\u0131 daha da g\u00f6z\u0259ll\u0259\u015fdir\u0259 v\u0259 asanla\u015fd\u0131ra bil\u0259r. Bu atalar s\u00f6z\u00fc, sosial \u0259laq\u0259l\u0259rin v\u0259 m\u00fchitin \u0259h\u0259miyy\u0259tini \u00f6n\u0259 \u00e7\u0131xar\u0131r.<\/p>\n<p><b>Q\u0131sa M\u0259nas\u0131<\/b><br \/> \u0130nsan yaln\u0131z ev almal\u0131 deyil, eyni zamanda, yax\u015f\u0131 qon\u015fular se\u00e7m\u0259lidir.<\/p>\n","protected":false},"excerpt":{"rendered":"<p>&#8220;ev alm\u0131ram, qon\u015fu al\u0131ram&#8221; atalar s\u00f6z\u00fc, insan\u0131n yaln\u0131z \u00f6z m\u0259nzilini deyil, h\u0259m d\u0259 qon\u015fular\u0131n\u0131 se\u00e7m\u0259sinin vacibliyini vur\u011fulay\u0131r. Bu s\u00f6z, bir insan\u0131n ya\u015fad\u0131\u011f\u0131 m\u00fchitin, qon\u015fular\u0131n\u0131n v\u0259 c\u0259miyy\u0259tin onun h\u0259yat\u0131na t\u0259sir etdiyini g\u00f6st\u0259rir. Y\u0259ni, insan\u0131n ev almas\u0131, onun yaln\u0131z \u00f6z rahatl\u0131\u011f\u0131 \u00fc\u00e7\u00fcn deyil, eyni zamanda, qon\u015fular\u0131n\u0131n keyfiyy\u0259ti v\u0259 m\u00fcnasib\u0259tl\u0259ri il\u0259 d\u0259 ba\u011fl\u0131d\u0131r. Yax\u015f\u0131 qon\u015fular, insan\u0131n h\u0259yat\u0131n\u0131 daha &#8230; <a title=\"Ev Alm\u0131ram, Qon\u015fu Al\u0131ram\" class=\"read-more\" href=\"https:\/\/nedir.az\/atalar-sozleri\/ev-almiram-qonsu-aliram-atalar-sozunun-menasi-nedir\" aria-label=\"Read more about Ev Alm\u0131ram, Qon\u015fu Al\u0131ram\">Read more<\/a><\/p>\n","protected":false},"author":2,"featured_media":0,"comment_status":"open","ping_status":"open","sticky":false,"template":"","format":"standard","meta":{"footnotes":""},"categories":[1],"tags":[],"class_list":["post-6433","post","type-post","status-publish","format-standard","hentry","category-atalar-sozleri-atalar-sozu"],"aioseo_notices":[],"_links":{"self":[{"href":"https:\/\/nedir.az\/atalar-sozleri\/wp-json\/wp\/v2\/posts\/6433","targetHints":{"allow":["GET"]}}],"collection":[{"href":"https:\/\/nedir.az\/atalar-sozleri\/wp-json\/wp\/v2\/posts"}],"about":[{"href":"https:\/\/nedir.az\/atalar-sozleri\/wp-json\/wp\/v2\/types\/post"}],"author":[{"embeddable":true,"href":"https:\/\/nedir.az\/atalar-sozleri\/wp-json\/wp\/v2\/users\/2"}],"replies":[{"embeddable":true,"href":"https:\/\/nedir.az\/atalar-sozleri\/wp-json\/wp\/v2\/comments?post=6433"}],"version-history":[{"count":0,"href":"https:\/\/nedir.az\/atalar-sozleri\/wp-json\/wp\/v2\/posts\/6433\/revisions"}],"wp:attachment":[{"href":"https:\/\/nedir.az\/atalar-sozleri\/wp-json\/wp\/v2\/media?parent=6433"}],"wp:term":[{"taxonomy":"category","embeddable":true,"href":"https:\/\/nedir.az\/atalar-sozleri\/wp-json\/wp\/v2\/categories?post=6433"},{"taxonomy":"post_tag","embeddable":true,"href":"https:\/\/nedir.az\/atalar-sozleri\/wp-json\/wp\/v2\/tags?post=6433"}],"curies":[{"name":"wp","href":"https:\/\/api.w.org\/{rel}","templated":true}]}}