{"id":6424,"date":"2024-09-06T21:34:18","date_gmt":"2024-09-06T21:34:18","guid":{"rendered":""},"modified":"-0001-11-30T00:00:00","modified_gmt":"-0001-11-29T21:00:00","slug":"esseyi-minerler-ata-catinca","status":"publish","type":"post","link":"https:\/\/nedir.az\/atalar-sozleri\/esseyi-minerler-ata-catinca-atalar-sozunun-menasi-nedir","title":{"rendered":"E\u015f\u015f\u0259yi Min\u0259rl\u0259r, Ata \u00c7at\u0131nca"},"content":{"rendered":"<p>\u201ce\u015f\u015f\u0259yi min\u0259rl\u0259r, ata \u00e7at\u0131nca\u201d atalar s\u00f6z\u00fc, bir i\u015fin ba\u015flan\u011f\u0131c\u0131nda olanlar\u0131n, sonuna \u00e7atd\u0131qda daha \u00e7ox d\u0259y\u0259r qazand\u0131\u011f\u0131n\u0131 ifad\u0259 edir. Bu s\u00f6z, insanlar\u0131n bir \u015fey\u0259 ba\u015flamaqdan \u00e7\u0259kinm\u0259m\u0259si, \u00e7\u00fcnki sonunda daha yax\u015f\u0131 n\u0259tic\u0259l\u0259r \u0259ld\u0259 ed\u0259 bil\u0259c\u0259kl\u0259rini vur\u011fulay\u0131r. H\u0259m\u00e7inin, bu atalar s\u00f6z\u00fc, bir i\u015fin \u00e7\u0259tinlikl\u0259ri il\u0259 qar\u015f\u0131la\u015fsa da, m\u00fcv\u0259ff\u0259qiyy\u0259tin sonunda oldu\u011funu g\u00f6st\u0259rir.<\/p>\n<p><b>Q\u0131sa M\u0259nas\u0131<\/b><br \/> <br \/>\nBir i\u015fin ba\u015flan\u011f\u0131c\u0131nda \u00e7\u0259tinlikl\u0259r olsa da, sona \u00e7atd\u0131qda m\u00fckafat v\u0259 ya u\u011fur \u0259ld\u0259 edil\u0259c\u0259yini bildirir.<\/p>\n","protected":false},"excerpt":{"rendered":"<p>\u201ce\u015f\u015f\u0259yi min\u0259rl\u0259r, ata \u00e7at\u0131nca\u201d atalar s\u00f6z\u00fc, bir i\u015fin ba\u015flan\u011f\u0131c\u0131nda olanlar\u0131n, sonuna \u00e7atd\u0131qda daha \u00e7ox d\u0259y\u0259r qazand\u0131\u011f\u0131n\u0131 ifad\u0259 edir. Bu s\u00f6z, insanlar\u0131n bir \u015fey\u0259 ba\u015flamaqdan \u00e7\u0259kinm\u0259m\u0259si, \u00e7\u00fcnki sonunda daha yax\u015f\u0131 n\u0259tic\u0259l\u0259r \u0259ld\u0259 ed\u0259 bil\u0259c\u0259kl\u0259rini vur\u011fulay\u0131r. H\u0259m\u00e7inin, bu atalar s\u00f6z\u00fc, bir i\u015fin \u00e7\u0259tinlikl\u0259ri il\u0259 qar\u015f\u0131la\u015fsa da, m\u00fcv\u0259ff\u0259qiyy\u0259tin sonunda oldu\u011funu g\u00f6st\u0259rir. Q\u0131sa M\u0259nas\u0131 Bir i\u015fin ba\u015flan\u011f\u0131c\u0131nda \u00e7\u0259tinlikl\u0259r olsa &#8230; <a title=\"E\u015f\u015f\u0259yi Min\u0259rl\u0259r, Ata \u00c7at\u0131nca\" class=\"read-more\" href=\"https:\/\/nedir.az\/atalar-sozleri\/esseyi-minerler-ata-catinca-atalar-sozunun-menasi-nedir\" aria-label=\"Read more about E\u015f\u015f\u0259yi Min\u0259rl\u0259r, Ata \u00c7at\u0131nca\">Read more<\/a><\/p>\n","protected":false},"author":2,"featured_media":0,"comment_status":"open","ping_status":"open","sticky":false,"template":"","format":"standard","meta":{"footnotes":""},"categories":[1],"tags":[],"class_list":["post-6424","post","type-post","status-publish","format-standard","hentry","category-atalar-sozleri-atalar-sozu"],"aioseo_notices":[],"_links":{"self":[{"href":"https:\/\/nedir.az\/atalar-sozleri\/wp-json\/wp\/v2\/posts\/6424","targetHints":{"allow":["GET"]}}],"collection":[{"href":"https:\/\/nedir.az\/atalar-sozleri\/wp-json\/wp\/v2\/posts"}],"about":[{"href":"https:\/\/nedir.az\/atalar-sozleri\/wp-json\/wp\/v2\/types\/post"}],"author":[{"embeddable":true,"href":"https:\/\/nedir.az\/atalar-sozleri\/wp-json\/wp\/v2\/users\/2"}],"replies":[{"embeddable":true,"href":"https:\/\/nedir.az\/atalar-sozleri\/wp-json\/wp\/v2\/comments?post=6424"}],"version-history":[{"count":0,"href":"https:\/\/nedir.az\/atalar-sozleri\/wp-json\/wp\/v2\/posts\/6424\/revisions"}],"wp:attachment":[{"href":"https:\/\/nedir.az\/atalar-sozleri\/wp-json\/wp\/v2\/media?parent=6424"}],"wp:term":[{"taxonomy":"category","embeddable":true,"href":"https:\/\/nedir.az\/atalar-sozleri\/wp-json\/wp\/v2\/categories?post=6424"},{"taxonomy":"post_tag","embeddable":true,"href":"https:\/\/nedir.az\/atalar-sozleri\/wp-json\/wp\/v2\/tags?post=6424"}],"curies":[{"name":"wp","href":"https:\/\/api.w.org\/{rel}","templated":true}]}}