{"id":6423,"date":"2024-09-06T21:34:18","date_gmt":"2024-09-06T21:34:18","guid":{"rendered":""},"modified":"-0001-11-30T00:00:00","modified_gmt":"-0001-11-29T21:00:00","slug":"esseye-minmek-bir-ayib-qayidib-dusmek-iki-ayib","status":"publish","type":"post","link":"https:\/\/nedir.az\/atalar-sozleri\/esseye-minmek-bir-ayib-qayidib-dusmek-iki-ayib-atalar-sozunun-menasi-nedir","title":{"rendered":"E\u015f\u015f\u0259y\u0259 Minm\u0259k Bir Ay\u0131b, Qay\u0131d\u0131b D\u00fc\u015fm\u0259k Iki Ay\u0131b"},"content":{"rendered":"<p>&#8220;e\u015f\u015f\u0259y\u0259 minm\u0259k bir ay\u0131b, qay\u0131d\u0131b d\u00fc\u015fm\u0259k iki ay\u0131b&#8221; atalar s\u00f6z\u00fc, bir i\u015f\u0259 ba\u015flama\u011f\u0131n, bir m\u0259qs\u0259d u\u011frunda ir\u0259lil\u0259m\u0259yin \u0259h\u0259miyy\u0259tini vur\u011fulay\u0131r. Bu s\u00f6z, bir insan\u0131n bir i\u015f\u0259 giri\u015fdiyi zaman, o i\u015fin u\u011furlu olmas\u0131 \u00fc\u00e7\u00fcn \u00e7al\u0131\u015fmal\u0131 oldu\u011funu, \u0259ks halda, u\u011fursuzluqla n\u0259tic\u0259l\u0259n\u0259c\u0259yi mesaj\u0131n\u0131 verir. Eyni zamanda, bir i\u015f\u0259 ba\u015flamadan \u0259vv\u0259l d\u00fc\u015f\u00fcnm\u0259yin v\u0259 haz\u0131rl\u0131ql\u0131 olma\u011f\u0131n vacibliyini d\u0259 ifad\u0259 edir. Bu atalar s\u00f6z\u00fc, insanlar\u0131n \u00f6z q\u0259rarlar\u0131n\u0131 verm\u0259d\u0259n \u0259vv\u0259l daha diqq\u0259tli olmalar\u0131n\u0131, ba\u015flamaqla qalmay\u0131b, sonunu da d\u00fc\u015f\u00fcnm\u0259l\u0259rinin vacibliyini xat\u0131rlad\u0131r.<\/p>\n<p><b>Q\u0131sa M\u0259nas\u0131<\/b><br \/> \u0130\u015f\u0259 ba\u015flamaqdan \u0259vv\u0259l d\u00fc\u015f\u00fcnm\u0259k v\u0259 haz\u0131rl\u0131ql\u0131 olmaq vacibdir; u\u011fursuzluq daha b\u00f6y\u00fck bir ay\u0131b ola bil\u0259r.<\/p>\n","protected":false},"excerpt":{"rendered":"<p>&#8220;e\u015f\u015f\u0259y\u0259 minm\u0259k bir ay\u0131b, qay\u0131d\u0131b d\u00fc\u015fm\u0259k iki ay\u0131b&#8221; atalar s\u00f6z\u00fc, bir i\u015f\u0259 ba\u015flama\u011f\u0131n, bir m\u0259qs\u0259d u\u011frunda ir\u0259lil\u0259m\u0259yin \u0259h\u0259miyy\u0259tini vur\u011fulay\u0131r. Bu s\u00f6z, bir insan\u0131n bir i\u015f\u0259 giri\u015fdiyi zaman, o i\u015fin u\u011furlu olmas\u0131 \u00fc\u00e7\u00fcn \u00e7al\u0131\u015fmal\u0131 oldu\u011funu, \u0259ks halda, u\u011fursuzluqla n\u0259tic\u0259l\u0259n\u0259c\u0259yi mesaj\u0131n\u0131 verir. Eyni zamanda, bir i\u015f\u0259 ba\u015flamadan \u0259vv\u0259l d\u00fc\u015f\u00fcnm\u0259yin v\u0259 haz\u0131rl\u0131ql\u0131 olma\u011f\u0131n vacibliyini d\u0259 ifad\u0259 edir. Bu &#8230; <a title=\"E\u015f\u015f\u0259y\u0259 Minm\u0259k Bir Ay\u0131b, Qay\u0131d\u0131b D\u00fc\u015fm\u0259k Iki Ay\u0131b\" class=\"read-more\" href=\"https:\/\/nedir.az\/atalar-sozleri\/esseye-minmek-bir-ayib-qayidib-dusmek-iki-ayib-atalar-sozunun-menasi-nedir\" aria-label=\"Read more about E\u015f\u015f\u0259y\u0259 Minm\u0259k Bir Ay\u0131b, Qay\u0131d\u0131b D\u00fc\u015fm\u0259k Iki Ay\u0131b\">Read more<\/a><\/p>\n","protected":false},"author":2,"featured_media":0,"comment_status":"open","ping_status":"open","sticky":false,"template":"","format":"standard","meta":{"footnotes":""},"categories":[1],"tags":[],"class_list":["post-6423","post","type-post","status-publish","format-standard","hentry","category-atalar-sozleri-atalar-sozu"],"aioseo_notices":[],"_links":{"self":[{"href":"https:\/\/nedir.az\/atalar-sozleri\/wp-json\/wp\/v2\/posts\/6423","targetHints":{"allow":["GET"]}}],"collection":[{"href":"https:\/\/nedir.az\/atalar-sozleri\/wp-json\/wp\/v2\/posts"}],"about":[{"href":"https:\/\/nedir.az\/atalar-sozleri\/wp-json\/wp\/v2\/types\/post"}],"author":[{"embeddable":true,"href":"https:\/\/nedir.az\/atalar-sozleri\/wp-json\/wp\/v2\/users\/2"}],"replies":[{"embeddable":true,"href":"https:\/\/nedir.az\/atalar-sozleri\/wp-json\/wp\/v2\/comments?post=6423"}],"version-history":[{"count":0,"href":"https:\/\/nedir.az\/atalar-sozleri\/wp-json\/wp\/v2\/posts\/6423\/revisions"}],"wp:attachment":[{"href":"https:\/\/nedir.az\/atalar-sozleri\/wp-json\/wp\/v2\/media?parent=6423"}],"wp:term":[{"taxonomy":"category","embeddable":true,"href":"https:\/\/nedir.az\/atalar-sozleri\/wp-json\/wp\/v2\/categories?post=6423"},{"taxonomy":"post_tag","embeddable":true,"href":"https:\/\/nedir.az\/atalar-sozleri\/wp-json\/wp\/v2\/tags?post=6423"}],"curies":[{"name":"wp","href":"https:\/\/api.w.org\/{rel}","templated":true}]}}