{"id":6418,"date":"2024-09-06T21:34:18","date_gmt":"2024-09-06T21:34:18","guid":{"rendered":""},"modified":"-0001-11-30T00:00:00","modified_gmt":"-0001-11-29T21:00:00","slug":"esseye-dediler-merifetini-goster-yatdi-aganadi","status":"publish","type":"post","link":"https:\/\/nedir.az\/atalar-sozleri\/esseye-dediler-merifetini-goster-yatdi-aganadi-atalar-sozunun-menasi-nedir","title":{"rendered":"E\u015f\u015f\u0259y\u0259 Dedil\u0259r: M\u0259rif\u0259tini G\u00f6st\u0259r, Yatd\u0131, A\u011fanad\u0131"},"content":{"rendered":"<p>\u201ce\u015f\u015f\u0259y\u0259 dedil\u0259r: m\u0259rif\u0259tini g\u00f6st\u0259r, yatd\u0131, a\u011fanad\u0131\u201d atalar s\u00f6z\u00fc, bir insan\u0131n ya da bir varl\u0131\u011f\u0131n \u00f6z qabiliyy\u0259tl\u0259rini, bacar\u0131qlar\u0131n\u0131 n\u00fcmayi\u015f etdirm\u0259kd\u0259 aciz oldu\u011funu, ya da buna maraq g\u00f6st\u0259rm\u0259diyini ifad\u0259 edir. Bu s\u00f6z, b\u0259z\u0259n birinin \u00f6z potensial\u0131n\u0131 istifad\u0259 etm\u0259diyini v\u0259 ya laz\u0131ms\u0131z bir v\u0259ziyy\u0259td\u0259 oldu\u011funu vur\u011fulamaq \u00fc\u00e7\u00fcn istifad\u0259 olunur. E\u015f\u015f\u0259k, ad\u0259t\u0259n, \u00e7al\u0131\u015fqan v\u0259 faydal\u0131 bir heyvan kimi tan\u0131nsa da, burada onun \u00f6z bacar\u0131qlar\u0131n\u0131 g\u00f6st\u0259rm\u0259kd\u0259ki laqeydliyi ironik bir \u015f\u0259kild\u0259 qeyd edilir.<\/p>\n<p><b>Q\u0131sa M\u0259nas\u0131<\/b><br \/> \u00d6z qabiliyy\u0259tl\u0259rini n\u00fcmayi\u015f etdirm\u0259kd\u0259 aciz olmaq.<\/p>\n","protected":false},"excerpt":{"rendered":"<p>\u201ce\u015f\u015f\u0259y\u0259 dedil\u0259r: m\u0259rif\u0259tini g\u00f6st\u0259r, yatd\u0131, a\u011fanad\u0131\u201d atalar s\u00f6z\u00fc, bir insan\u0131n ya da bir varl\u0131\u011f\u0131n \u00f6z qabiliyy\u0259tl\u0259rini, bacar\u0131qlar\u0131n\u0131 n\u00fcmayi\u015f etdirm\u0259kd\u0259 aciz oldu\u011funu, ya da buna maraq g\u00f6st\u0259rm\u0259diyini ifad\u0259 edir. Bu s\u00f6z, b\u0259z\u0259n birinin \u00f6z potensial\u0131n\u0131 istifad\u0259 etm\u0259diyini v\u0259 ya laz\u0131ms\u0131z bir v\u0259ziyy\u0259td\u0259 oldu\u011funu vur\u011fulamaq \u00fc\u00e7\u00fcn istifad\u0259 olunur. E\u015f\u015f\u0259k, ad\u0259t\u0259n, \u00e7al\u0131\u015fqan v\u0259 faydal\u0131 bir heyvan kimi tan\u0131nsa &#8230; <a title=\"E\u015f\u015f\u0259y\u0259 Dedil\u0259r: M\u0259rif\u0259tini G\u00f6st\u0259r, Yatd\u0131, A\u011fanad\u0131\" class=\"read-more\" href=\"https:\/\/nedir.az\/atalar-sozleri\/esseye-dediler-merifetini-goster-yatdi-aganadi-atalar-sozunun-menasi-nedir\" aria-label=\"Read more about E\u015f\u015f\u0259y\u0259 Dedil\u0259r: M\u0259rif\u0259tini G\u00f6st\u0259r, Yatd\u0131, A\u011fanad\u0131\">Read more<\/a><\/p>\n","protected":false},"author":2,"featured_media":0,"comment_status":"open","ping_status":"open","sticky":false,"template":"","format":"standard","meta":{"footnotes":""},"categories":[1],"tags":[],"class_list":["post-6418","post","type-post","status-publish","format-standard","hentry","category-atalar-sozleri-atalar-sozu"],"aioseo_notices":[],"_links":{"self":[{"href":"https:\/\/nedir.az\/atalar-sozleri\/wp-json\/wp\/v2\/posts\/6418","targetHints":{"allow":["GET"]}}],"collection":[{"href":"https:\/\/nedir.az\/atalar-sozleri\/wp-json\/wp\/v2\/posts"}],"about":[{"href":"https:\/\/nedir.az\/atalar-sozleri\/wp-json\/wp\/v2\/types\/post"}],"author":[{"embeddable":true,"href":"https:\/\/nedir.az\/atalar-sozleri\/wp-json\/wp\/v2\/users\/2"}],"replies":[{"embeddable":true,"href":"https:\/\/nedir.az\/atalar-sozleri\/wp-json\/wp\/v2\/comments?post=6418"}],"version-history":[{"count":0,"href":"https:\/\/nedir.az\/atalar-sozleri\/wp-json\/wp\/v2\/posts\/6418\/revisions"}],"wp:attachment":[{"href":"https:\/\/nedir.az\/atalar-sozleri\/wp-json\/wp\/v2\/media?parent=6418"}],"wp:term":[{"taxonomy":"category","embeddable":true,"href":"https:\/\/nedir.az\/atalar-sozleri\/wp-json\/wp\/v2\/categories?post=6418"},{"taxonomy":"post_tag","embeddable":true,"href":"https:\/\/nedir.az\/atalar-sozleri\/wp-json\/wp\/v2\/tags?post=6418"}],"curies":[{"name":"wp","href":"https:\/\/api.w.org\/{rel}","templated":true}]}}