{"id":6412,"date":"2024-09-06T21:34:18","date_gmt":"2024-09-06T21:34:18","guid":{"rendered":""},"modified":"-0001-11-30T00:00:00","modified_gmt":"-0001-11-29T21:00:00","slug":"essek-olasan-culun-mexmer","status":"publish","type":"post","link":"https:\/\/nedir.az\/atalar-sozleri\/essek-olasan-culun-mexmer-atalar-sozunun-menasi-nedir","title":{"rendered":"E\u015f\u015f\u0259k Olasan, \u00c7ulun M\u0259xm\u0259r?"},"content":{"rendered":"<p>\u201ce\u015f\u015f\u0259k olasan, \u00e7ulun m\u0259xm\u0259r?\u201d atalar s\u00f6z\u00fcn\u00fcn m\u0259nas\u0131, bir insan\u0131n \u00f6z\u00fcn\u00fc oldu\u011fundan daha d\u0259y\u0259rli, daha \u0259h\u0259miyy\u0259tli g\u00f6st\u0259rm\u0259y\u0259 \u00e7al\u0131\u015fmas\u0131, lakin ger\u00e7\u0259kd\u0259 onun d\u0259y\u0259rinin a\u015fa\u011f\u0131 oldu\u011funu ifad\u0259 edir. Bu atalar s\u00f6z\u00fc, b\u0259z\u0259n insanlar\u0131n xarici g\u00f6r\u00fcn\u00fc\u015fl\u0259rin\u0259, geyiml\u0259rin\u0259 v\u0259 ya m\u00fcv\u0259qq\u0259ti \u00fcst\u00fcnl\u00fckl\u0259rin\u0259 aldanaraq, onlar\u0131n i\u00e7 d\u00fcnyas\u0131n\u0131, qabiliyy\u0259tl\u0259rini v\u0259 ya \u0259sl d\u0259y\u0259rl\u0259rini qiym\u0259tl\u0259ndirm\u0259d\u0259n, sad\u0259c\u0259 zahiri g\u00f6r\u00fcn\u00fc\u015f\u0259 \u0259saslanaraq m\u00fchakim\u0259 etm\u0259yin yanl\u0131\u015f oldu\u011funu vur\u011fulay\u0131r.<\/p>\n<p><b>Q\u0131sa M\u0259nas\u0131<\/b><br \/> \u00d6z\u00fcn\u00fc oldu\u011fundan daha d\u0259y\u0259rli g\u00f6st\u0259rm\u0259y\u0259 \u00e7al\u0131\u015fmaq, lakin ger\u00e7\u0259k d\u0259y\u0259rin a\u015fa\u011f\u0131 olmas\u0131.<\/p>\n","protected":false},"excerpt":{"rendered":"<p>\u201ce\u015f\u015f\u0259k olasan, \u00e7ulun m\u0259xm\u0259r?\u201d atalar s\u00f6z\u00fcn\u00fcn m\u0259nas\u0131, bir insan\u0131n \u00f6z\u00fcn\u00fc oldu\u011fundan daha d\u0259y\u0259rli, daha \u0259h\u0259miyy\u0259tli g\u00f6st\u0259rm\u0259y\u0259 \u00e7al\u0131\u015fmas\u0131, lakin ger\u00e7\u0259kd\u0259 onun d\u0259y\u0259rinin a\u015fa\u011f\u0131 oldu\u011funu ifad\u0259 edir. Bu atalar s\u00f6z\u00fc, b\u0259z\u0259n insanlar\u0131n xarici g\u00f6r\u00fcn\u00fc\u015fl\u0259rin\u0259, geyiml\u0259rin\u0259 v\u0259 ya m\u00fcv\u0259qq\u0259ti \u00fcst\u00fcnl\u00fckl\u0259rin\u0259 aldanaraq, onlar\u0131n i\u00e7 d\u00fcnyas\u0131n\u0131, qabiliyy\u0259tl\u0259rini v\u0259 ya \u0259sl d\u0259y\u0259rl\u0259rini qiym\u0259tl\u0259ndirm\u0259d\u0259n, sad\u0259c\u0259 zahiri g\u00f6r\u00fcn\u00fc\u015f\u0259 \u0259saslanaraq m\u00fchakim\u0259 etm\u0259yin yanl\u0131\u015f oldu\u011funu &#8230; <a title=\"E\u015f\u015f\u0259k Olasan, \u00c7ulun M\u0259xm\u0259r?\" class=\"read-more\" href=\"https:\/\/nedir.az\/atalar-sozleri\/essek-olasan-culun-mexmer-atalar-sozunun-menasi-nedir\" aria-label=\"Read more about E\u015f\u015f\u0259k Olasan, \u00c7ulun M\u0259xm\u0259r?\">Read more<\/a><\/p>\n","protected":false},"author":2,"featured_media":0,"comment_status":"open","ping_status":"open","sticky":false,"template":"","format":"standard","meta":{"footnotes":""},"categories":[1],"tags":[],"class_list":["post-6412","post","type-post","status-publish","format-standard","hentry","category-atalar-sozleri-atalar-sozu"],"aioseo_notices":[],"_links":{"self":[{"href":"https:\/\/nedir.az\/atalar-sozleri\/wp-json\/wp\/v2\/posts\/6412","targetHints":{"allow":["GET"]}}],"collection":[{"href":"https:\/\/nedir.az\/atalar-sozleri\/wp-json\/wp\/v2\/posts"}],"about":[{"href":"https:\/\/nedir.az\/atalar-sozleri\/wp-json\/wp\/v2\/types\/post"}],"author":[{"embeddable":true,"href":"https:\/\/nedir.az\/atalar-sozleri\/wp-json\/wp\/v2\/users\/2"}],"replies":[{"embeddable":true,"href":"https:\/\/nedir.az\/atalar-sozleri\/wp-json\/wp\/v2\/comments?post=6412"}],"version-history":[{"count":0,"href":"https:\/\/nedir.az\/atalar-sozleri\/wp-json\/wp\/v2\/posts\/6412\/revisions"}],"wp:attachment":[{"href":"https:\/\/nedir.az\/atalar-sozleri\/wp-json\/wp\/v2\/media?parent=6412"}],"wp:term":[{"taxonomy":"category","embeddable":true,"href":"https:\/\/nedir.az\/atalar-sozleri\/wp-json\/wp\/v2\/categories?post=6412"},{"taxonomy":"post_tag","embeddable":true,"href":"https:\/\/nedir.az\/atalar-sozleri\/wp-json\/wp\/v2\/tags?post=6412"}],"curies":[{"name":"wp","href":"https:\/\/api.w.org\/{rel}","templated":true}]}}