{"id":6411,"date":"2024-09-06T21:34:18","date_gmt":"2024-09-06T21:34:18","guid":{"rendered":""},"modified":"-0001-11-30T00:00:00","modified_gmt":"-0001-11-29T21:00:00","slug":"essek-mekkeye-getmekle-haci-olmaz","status":"publish","type":"post","link":"https:\/\/nedir.az\/atalar-sozleri\/essek-mekkeye-getmekle-haci-olmaz-atalar-sozunun-menasi-nedir","title":{"rendered":"E\u015f\u015f\u0259k M\u0259kk\u0259y\u0259 Getm\u0259kl\u0259 Hac\u0131 Olmaz."},"content":{"rendered":"<p>&#8220;e\u015f\u015f\u0259k m\u0259kk\u0259y\u0259 getm\u0259kl\u0259 hac\u0131 olmaz.&#8221; atalar s\u00f6z\u00fcn\u00fcn m\u0259nas\u0131, bir insan\u0131n m\u00fc\u0259yy\u0259n bir m\u0259qs\u0259d\u0259 \u00e7atmas\u0131 \u00fc\u00e7\u00fcn yaln\u0131z formal olaraq bir yer\u0259 getm\u0259sinin kifay\u0259t etm\u0259diyini, bunun \u00fc\u00e7\u00fcn \u0259slind\u0259 o m\u0259qs\u0259din ruhunu da da\u015f\u0131mas\u0131 laz\u0131m oldu\u011funu ifad\u0259 edir. Y\u0259ni, bir \u015feyin yaln\u0131z g\u00f6r\u00fcn\u00fc\u015f\u00fc il\u0259, ya da s\u0259thi bir \u015f\u0259kild\u0259 \u0259ld\u0259 edilm\u0259si, onun ger\u00e7\u0259k mahiyy\u0259tini qazand\u0131rmaz. Bu atalar s\u00f6z\u00fc, insanlar\u0131n yaln\u0131z formalitetl\u0259r\u0259, ya da ba\u015fqalar\u0131n\u0131n g\u00f6z\u00fcnd\u0259 yax\u015f\u0131 g\u00f6r\u00fcnm\u0259y\u0259 \u00e7al\u0131\u015fmas\u0131n\u0131n \u0259slind\u0259 onlar\u0131 ist\u0259dikl\u0259ri n\u0259tic\u0259y\u0259 \u00e7atd\u0131rmayaca\u011f\u0131n\u0131 vur\u011fulay\u0131r.<\/p>\n<p><b>Q\u0131sa M\u0259nas\u0131<\/b><br \/> Bu atalar s\u00f6z\u00fc, m\u0259qs\u0259d\u0259 \u00e7atmaq \u00fc\u00e7\u00fcn yaln\u0131z g\u00f6r\u00fcn\u00fc\u015f\u00fcn kifay\u0259t etm\u0259diyini, \u0259sl mahiyy\u0259tin d\u0259 vacib oldu\u011funu bildirir.<\/p>\n","protected":false},"excerpt":{"rendered":"<p>&#8220;e\u015f\u015f\u0259k m\u0259kk\u0259y\u0259 getm\u0259kl\u0259 hac\u0131 olmaz.&#8221; atalar s\u00f6z\u00fcn\u00fcn m\u0259nas\u0131, bir insan\u0131n m\u00fc\u0259yy\u0259n bir m\u0259qs\u0259d\u0259 \u00e7atmas\u0131 \u00fc\u00e7\u00fcn yaln\u0131z formal olaraq bir yer\u0259 getm\u0259sinin kifay\u0259t etm\u0259diyini, bunun \u00fc\u00e7\u00fcn \u0259slind\u0259 o m\u0259qs\u0259din ruhunu da da\u015f\u0131mas\u0131 laz\u0131m oldu\u011funu ifad\u0259 edir. Y\u0259ni, bir \u015feyin yaln\u0131z g\u00f6r\u00fcn\u00fc\u015f\u00fc il\u0259, ya da s\u0259thi bir \u015f\u0259kild\u0259 \u0259ld\u0259 edilm\u0259si, onun ger\u00e7\u0259k mahiyy\u0259tini qazand\u0131rmaz. Bu atalar s\u00f6z\u00fc, &#8230; <a title=\"E\u015f\u015f\u0259k M\u0259kk\u0259y\u0259 Getm\u0259kl\u0259 Hac\u0131 Olmaz.\" class=\"read-more\" href=\"https:\/\/nedir.az\/atalar-sozleri\/essek-mekkeye-getmekle-haci-olmaz-atalar-sozunun-menasi-nedir\" aria-label=\"Read more about E\u015f\u015f\u0259k M\u0259kk\u0259y\u0259 Getm\u0259kl\u0259 Hac\u0131 Olmaz.\">Read more<\/a><\/p>\n","protected":false},"author":2,"featured_media":0,"comment_status":"open","ping_status":"open","sticky":false,"template":"","format":"standard","meta":{"footnotes":""},"categories":[1],"tags":[],"class_list":["post-6411","post","type-post","status-publish","format-standard","hentry","category-atalar-sozleri-atalar-sozu"],"aioseo_notices":[],"_links":{"self":[{"href":"https:\/\/nedir.az\/atalar-sozleri\/wp-json\/wp\/v2\/posts\/6411","targetHints":{"allow":["GET"]}}],"collection":[{"href":"https:\/\/nedir.az\/atalar-sozleri\/wp-json\/wp\/v2\/posts"}],"about":[{"href":"https:\/\/nedir.az\/atalar-sozleri\/wp-json\/wp\/v2\/types\/post"}],"author":[{"embeddable":true,"href":"https:\/\/nedir.az\/atalar-sozleri\/wp-json\/wp\/v2\/users\/2"}],"replies":[{"embeddable":true,"href":"https:\/\/nedir.az\/atalar-sozleri\/wp-json\/wp\/v2\/comments?post=6411"}],"version-history":[{"count":0,"href":"https:\/\/nedir.az\/atalar-sozleri\/wp-json\/wp\/v2\/posts\/6411\/revisions"}],"wp:attachment":[{"href":"https:\/\/nedir.az\/atalar-sozleri\/wp-json\/wp\/v2\/media?parent=6411"}],"wp:term":[{"taxonomy":"category","embeddable":true,"href":"https:\/\/nedir.az\/atalar-sozleri\/wp-json\/wp\/v2\/categories?post=6411"},{"taxonomy":"post_tag","embeddable":true,"href":"https:\/\/nedir.az\/atalar-sozleri\/wp-json\/wp\/v2\/tags?post=6411"}],"curies":[{"name":"wp","href":"https:\/\/api.w.org\/{rel}","templated":true}]}}