{"id":6401,"date":"2024-09-06T21:34:18","date_gmt":"2024-09-06T21:34:18","guid":{"rendered":""},"modified":"-0001-11-30T00:00:00","modified_gmt":"-0001-11-29T21:00:00","slug":"esidibdi-papagi-qirxirlar-bilmir-harasin-qirxirlar","status":"publish","type":"post","link":"https:\/\/nedir.az\/atalar-sozleri\/esidibdi-papagi-qirxirlar-bilmir-harasin-qirxirlar-atalar-sozunun-menasi-nedir","title":{"rendered":"E\u015fidibdi Papa\u011f\u0131 Q\u0131rx\u0131rlar, Bilmir Haras\u0131n Q\u0131rx\u0131rlar"},"content":{"rendered":"<p>\u201ce\u015fidibdi papa\u011f\u0131 q\u0131rx\u0131rlar, bilmir haras\u0131n q\u0131rx\u0131rlar\u201d atalar s\u00f6z\u00fc, bir insan\u0131n ba\u015f\u0131na g\u0259l\u0259n hadis\u0259l\u0259rd\u0259n, \u00e7\u0259tinlikl\u0259rd\u0259n v\u0259 ya probleml\u0259rd\u0259n x\u0259b\u0259rdar olmas\u0131na baxmayaraq, onlar\u0131n s\u0259b\u0259bl\u0259rini v\u0259 ya n\u0259tic\u0259l\u0259rini tam anlamad\u0131\u011f\u0131n\u0131 ifad\u0259 edir. Bu s\u00f6z, b\u0259z\u0259n insanlar\u0131n ba\u015flar\u0131na g\u0259l\u0259n \u00e7\u0259tinlikl\u0259rin v\u0259 ya ba\u015fqalar\u0131n\u0131n davran\u0131\u015flar\u0131n\u0131n s\u0259b\u0259bl\u0259rini anlamaqda \u00e7\u0259tinlik \u00e7\u0259kdikl\u0259rini vur\u011fulamaq \u00fc\u00e7\u00fcn istifad\u0259 olunur. Y\u0259ni, bir insan bir \u015feyin ba\u015f verdiyini e\u015fid\u0259 bil\u0259r, amma bunun arxas\u0131nda yatan s\u0259b\u0259bl\u0259ri, niyy\u0259tl\u0259ri v\u0259 ya n\u0259tic\u0259l\u0259ri anlamaya bil\u0259r.<\/p>\n<p><b>Q\u0131sa M\u0259nas\u0131<\/b><br \/>Bu atalar s\u00f6z\u00fc, bir insan\u0131n ba\u015f\u0131na g\u0259l\u0259n hadis\u0259l\u0259ri e\u015fits\u0259 d\u0259, onlar\u0131n s\u0259b\u0259bl\u0259rini anlamad\u0131\u011f\u0131n\u0131 bildirir.<\/p>\n","protected":false},"excerpt":{"rendered":"<p>\u201ce\u015fidibdi papa\u011f\u0131 q\u0131rx\u0131rlar, bilmir haras\u0131n q\u0131rx\u0131rlar\u201d atalar s\u00f6z\u00fc, bir insan\u0131n ba\u015f\u0131na g\u0259l\u0259n hadis\u0259l\u0259rd\u0259n, \u00e7\u0259tinlikl\u0259rd\u0259n v\u0259 ya probleml\u0259rd\u0259n x\u0259b\u0259rdar olmas\u0131na baxmayaraq, onlar\u0131n s\u0259b\u0259bl\u0259rini v\u0259 ya n\u0259tic\u0259l\u0259rini tam anlamad\u0131\u011f\u0131n\u0131 ifad\u0259 edir. Bu s\u00f6z, b\u0259z\u0259n insanlar\u0131n ba\u015flar\u0131na g\u0259l\u0259n \u00e7\u0259tinlikl\u0259rin v\u0259 ya ba\u015fqalar\u0131n\u0131n davran\u0131\u015flar\u0131n\u0131n s\u0259b\u0259bl\u0259rini anlamaqda \u00e7\u0259tinlik \u00e7\u0259kdikl\u0259rini vur\u011fulamaq \u00fc\u00e7\u00fcn istifad\u0259 olunur. Y\u0259ni, bir insan bir \u015feyin ba\u015f verdiyini &#8230; <a title=\"E\u015fidibdi Papa\u011f\u0131 Q\u0131rx\u0131rlar, Bilmir Haras\u0131n Q\u0131rx\u0131rlar\" class=\"read-more\" href=\"https:\/\/nedir.az\/atalar-sozleri\/esidibdi-papagi-qirxirlar-bilmir-harasin-qirxirlar-atalar-sozunun-menasi-nedir\" aria-label=\"Read more about E\u015fidibdi Papa\u011f\u0131 Q\u0131rx\u0131rlar, Bilmir Haras\u0131n Q\u0131rx\u0131rlar\">Read more<\/a><\/p>\n","protected":false},"author":2,"featured_media":0,"comment_status":"open","ping_status":"open","sticky":false,"template":"","format":"standard","meta":{"footnotes":""},"categories":[1],"tags":[],"class_list":["post-6401","post","type-post","status-publish","format-standard","hentry","category-atalar-sozleri-atalar-sozu"],"aioseo_notices":[],"_links":{"self":[{"href":"https:\/\/nedir.az\/atalar-sozleri\/wp-json\/wp\/v2\/posts\/6401","targetHints":{"allow":["GET"]}}],"collection":[{"href":"https:\/\/nedir.az\/atalar-sozleri\/wp-json\/wp\/v2\/posts"}],"about":[{"href":"https:\/\/nedir.az\/atalar-sozleri\/wp-json\/wp\/v2\/types\/post"}],"author":[{"embeddable":true,"href":"https:\/\/nedir.az\/atalar-sozleri\/wp-json\/wp\/v2\/users\/2"}],"replies":[{"embeddable":true,"href":"https:\/\/nedir.az\/atalar-sozleri\/wp-json\/wp\/v2\/comments?post=6401"}],"version-history":[{"count":0,"href":"https:\/\/nedir.az\/atalar-sozleri\/wp-json\/wp\/v2\/posts\/6401\/revisions"}],"wp:attachment":[{"href":"https:\/\/nedir.az\/atalar-sozleri\/wp-json\/wp\/v2\/media?parent=6401"}],"wp:term":[{"taxonomy":"category","embeddable":true,"href":"https:\/\/nedir.az\/atalar-sozleri\/wp-json\/wp\/v2\/categories?post=6401"},{"taxonomy":"post_tag","embeddable":true,"href":"https:\/\/nedir.az\/atalar-sozleri\/wp-json\/wp\/v2\/tags?post=6401"}],"curies":[{"name":"wp","href":"https:\/\/api.w.org\/{rel}","templated":true}]}}