{"id":6394,"date":"2024-09-06T21:34:18","date_gmt":"2024-09-06T21:34:18","guid":{"rendered":""},"modified":"-0001-11-30T00:00:00","modified_gmt":"-0001-11-29T21:00:00","slug":"elsiz-dag-viranedir","status":"publish","type":"post","link":"https:\/\/nedir.az\/atalar-sozleri\/elsiz-dag-viranedir-atalar-sozunun-menasi-nedir","title":{"rendered":"Elsiz Da\u011f Viran\u0259dir"},"content":{"rendered":"<p>&#8220;elsiz da\u011f viran\u0259dir&#8221; atalar s\u00f6z\u00fcn\u00fcn m\u0259nas\u0131, bir \u015feyin t\u0259k ba\u015f\u0131na, d\u0259st\u0259k olmadan, ya da yan\u0131nda dost olmadan, \u00f6z d\u0259y\u0259rini itir\u0259c\u0259yini ifad\u0259 edir. Bu atalar s\u00f6z\u00fc, insan\u0131n sosial m\u00fchitd\u0259, dostluq v\u0259 d\u0259st\u0259k olmadan nec\u0259 \u00e7\u0259tinlikl\u0259rl\u0259 \u00fczl\u0259\u015f\u0259c\u0259yini vur\u011fulay\u0131r. H\u0259m\u00e7inin, birlikd\u0259 olman\u0131n, bir-birin\u0259 d\u0259st\u0259k verm\u0259nin \u0259h\u0259miyy\u0259tini \u00f6n plana \u00e7\u0131xar\u0131r. \u0130nsanlar\u0131n bir-birin\u0259 ehtiyac\u0131 oldu\u011funu, t\u0259k ba\u015f\u0131na m\u00fcbariz\u0259 aparman\u0131n \u00e7\u0259tin oldu\u011funu bildirir.<\/p>\n<p><b>Q\u0131sa M\u0259nas\u0131<\/b><br \/> T\u0259k ba\u015f\u0131na olan \u015feyl\u0259r d\u0259y\u0259rsizdir; birlikd\u0259 olman\u0131n \u0259h\u0259miyy\u0259ti.<\/p>\n","protected":false},"excerpt":{"rendered":"<p>&#8220;elsiz da\u011f viran\u0259dir&#8221; atalar s\u00f6z\u00fcn\u00fcn m\u0259nas\u0131, bir \u015feyin t\u0259k ba\u015f\u0131na, d\u0259st\u0259k olmadan, ya da yan\u0131nda dost olmadan, \u00f6z d\u0259y\u0259rini itir\u0259c\u0259yini ifad\u0259 edir. Bu atalar s\u00f6z\u00fc, insan\u0131n sosial m\u00fchitd\u0259, dostluq v\u0259 d\u0259st\u0259k olmadan nec\u0259 \u00e7\u0259tinlikl\u0259rl\u0259 \u00fczl\u0259\u015f\u0259c\u0259yini vur\u011fulay\u0131r. H\u0259m\u00e7inin, birlikd\u0259 olman\u0131n, bir-birin\u0259 d\u0259st\u0259k verm\u0259nin \u0259h\u0259miyy\u0259tini \u00f6n plana \u00e7\u0131xar\u0131r. \u0130nsanlar\u0131n bir-birin\u0259 ehtiyac\u0131 oldu\u011funu, t\u0259k ba\u015f\u0131na m\u00fcbariz\u0259 aparman\u0131n \u00e7\u0259tin &#8230; <a title=\"Elsiz Da\u011f Viran\u0259dir\" class=\"read-more\" href=\"https:\/\/nedir.az\/atalar-sozleri\/elsiz-dag-viranedir-atalar-sozunun-menasi-nedir\" aria-label=\"Read more about Elsiz Da\u011f Viran\u0259dir\">Read more<\/a><\/p>\n","protected":false},"author":2,"featured_media":0,"comment_status":"open","ping_status":"open","sticky":false,"template":"","format":"standard","meta":{"footnotes":""},"categories":[1],"tags":[],"class_list":["post-6394","post","type-post","status-publish","format-standard","hentry","category-atalar-sozleri-atalar-sozu"],"aioseo_notices":[],"_links":{"self":[{"href":"https:\/\/nedir.az\/atalar-sozleri\/wp-json\/wp\/v2\/posts\/6394","targetHints":{"allow":["GET"]}}],"collection":[{"href":"https:\/\/nedir.az\/atalar-sozleri\/wp-json\/wp\/v2\/posts"}],"about":[{"href":"https:\/\/nedir.az\/atalar-sozleri\/wp-json\/wp\/v2\/types\/post"}],"author":[{"embeddable":true,"href":"https:\/\/nedir.az\/atalar-sozleri\/wp-json\/wp\/v2\/users\/2"}],"replies":[{"embeddable":true,"href":"https:\/\/nedir.az\/atalar-sozleri\/wp-json\/wp\/v2\/comments?post=6394"}],"version-history":[{"count":0,"href":"https:\/\/nedir.az\/atalar-sozleri\/wp-json\/wp\/v2\/posts\/6394\/revisions"}],"wp:attachment":[{"href":"https:\/\/nedir.az\/atalar-sozleri\/wp-json\/wp\/v2\/media?parent=6394"}],"wp:term":[{"taxonomy":"category","embeddable":true,"href":"https:\/\/nedir.az\/atalar-sozleri\/wp-json\/wp\/v2\/categories?post=6394"},{"taxonomy":"post_tag","embeddable":true,"href":"https:\/\/nedir.az\/atalar-sozleri\/wp-json\/wp\/v2\/tags?post=6394"}],"curies":[{"name":"wp","href":"https:\/\/api.w.org\/{rel}","templated":true}]}}