{"id":6393,"date":"2024-09-06T21:34:18","date_gmt":"2024-09-06T21:34:18","guid":{"rendered":""},"modified":"-0001-11-30T00:00:00","modified_gmt":"-0001-11-29T21:00:00","slug":"elmsiz-adam-meyvesiz-agac-kimidir","status":"publish","type":"post","link":"https:\/\/nedir.az\/atalar-sozleri\/elmsiz-adam-meyvesiz-agac-kimidir-atalar-sozunun-menasi-nedir","title":{"rendered":"Elmsiz Adam Meyv\u0259siz A\u011fac Kimidir."},"content":{"rendered":"<p>&#8220;elmsiz adam meyv\u0259siz a\u011fac kimidir.&#8221; atalar s\u00f6z\u00fcn\u00fcn m\u0259nas\u0131, elm v\u0259 bilik sahibi olmayan bir insan\u0131n, meyv\u0259siz a\u011fac\u0131n faydas\u0131zl\u0131\u011f\u0131na b\u0259nz\u0259dilm\u0259sidir. Bu atalar s\u00f6z\u00fc, insan\u0131n bilik v\u0259 t\u0259cr\u00fcb\u0259 sahibi olmas\u0131n\u0131n vacibliyini vur\u011fulay\u0131r. Elm, insan\u0131n inki\u015faf\u0131 v\u0259 c\u0259miyy\u0259t\u0259 faydal\u0131 olmas\u0131 \u00fc\u00e7\u00fcn \u0259sas amill\u0259rd\u0259n biridir. Bilik v\u0259 t\u0259cr\u00fcb\u0259 olmadan, insan\u0131n c\u0259miyy\u0259td\u0259ki rolu v\u0259 d\u0259y\u0259ri azal\u0131r.<\/p>\n<p><b>Q\u0131sa M\u0259nas\u0131<\/b> <br \/> Elm v\u0259 bilik sahibi olmayan insan, meyv\u0259siz a\u011fac kimidir; faydas\u0131zd\u0131r.<\/p>\n","protected":false},"excerpt":{"rendered":"<p>&#8220;elmsiz adam meyv\u0259siz a\u011fac kimidir.&#8221; atalar s\u00f6z\u00fcn\u00fcn m\u0259nas\u0131, elm v\u0259 bilik sahibi olmayan bir insan\u0131n, meyv\u0259siz a\u011fac\u0131n faydas\u0131zl\u0131\u011f\u0131na b\u0259nz\u0259dilm\u0259sidir. Bu atalar s\u00f6z\u00fc, insan\u0131n bilik v\u0259 t\u0259cr\u00fcb\u0259 sahibi olmas\u0131n\u0131n vacibliyini vur\u011fulay\u0131r. Elm, insan\u0131n inki\u015faf\u0131 v\u0259 c\u0259miyy\u0259t\u0259 faydal\u0131 olmas\u0131 \u00fc\u00e7\u00fcn \u0259sas amill\u0259rd\u0259n biridir. Bilik v\u0259 t\u0259cr\u00fcb\u0259 olmadan, insan\u0131n c\u0259miyy\u0259td\u0259ki rolu v\u0259 d\u0259y\u0259ri azal\u0131r. Q\u0131sa M\u0259nas\u0131 Elm v\u0259 &#8230; <a title=\"Elmsiz Adam Meyv\u0259siz A\u011fac Kimidir.\" class=\"read-more\" href=\"https:\/\/nedir.az\/atalar-sozleri\/elmsiz-adam-meyvesiz-agac-kimidir-atalar-sozunun-menasi-nedir\" aria-label=\"Read more about Elmsiz Adam Meyv\u0259siz A\u011fac Kimidir.\">Read more<\/a><\/p>\n","protected":false},"author":2,"featured_media":0,"comment_status":"open","ping_status":"open","sticky":false,"template":"","format":"standard","meta":{"footnotes":""},"categories":[1],"tags":[],"class_list":["post-6393","post","type-post","status-publish","format-standard","hentry","category-atalar-sozleri-atalar-sozu"],"aioseo_notices":[],"_links":{"self":[{"href":"https:\/\/nedir.az\/atalar-sozleri\/wp-json\/wp\/v2\/posts\/6393","targetHints":{"allow":["GET"]}}],"collection":[{"href":"https:\/\/nedir.az\/atalar-sozleri\/wp-json\/wp\/v2\/posts"}],"about":[{"href":"https:\/\/nedir.az\/atalar-sozleri\/wp-json\/wp\/v2\/types\/post"}],"author":[{"embeddable":true,"href":"https:\/\/nedir.az\/atalar-sozleri\/wp-json\/wp\/v2\/users\/2"}],"replies":[{"embeddable":true,"href":"https:\/\/nedir.az\/atalar-sozleri\/wp-json\/wp\/v2\/comments?post=6393"}],"version-history":[{"count":0,"href":"https:\/\/nedir.az\/atalar-sozleri\/wp-json\/wp\/v2\/posts\/6393\/revisions"}],"wp:attachment":[{"href":"https:\/\/nedir.az\/atalar-sozleri\/wp-json\/wp\/v2\/media?parent=6393"}],"wp:term":[{"taxonomy":"category","embeddable":true,"href":"https:\/\/nedir.az\/atalar-sozleri\/wp-json\/wp\/v2\/categories?post=6393"},{"taxonomy":"post_tag","embeddable":true,"href":"https:\/\/nedir.az\/atalar-sozleri\/wp-json\/wp\/v2\/tags?post=6393"}],"curies":[{"name":"wp","href":"https:\/\/api.w.org\/{rel}","templated":true}]}}