{"id":6390,"date":"2024-09-06T21:34:18","date_gmt":"2024-09-06T21:34:18","guid":{"rendered":""},"modified":"-0001-11-30T00:00:00","modified_gmt":"-0001-11-29T21:00:00","slug":"elm-sahibine-boyuk-zinetdir","status":"publish","type":"post","link":"https:\/\/nedir.az\/atalar-sozleri\/elm-sahibine-boyuk-zinetdir-atalar-sozunun-menasi-nedir","title":{"rendered":"Elm Sahibin\u0259 B\u00f6y\u00fck Zin\u0259tdir"},"content":{"rendered":"<p>&#8220;elm sahibin\u0259 b\u00f6y\u00fck zin\u0259tdir&#8221; atalar s\u00f6z\u00fc, elm v\u0259 bilik sahibi olma\u011f\u0131n insan\u0131n d\u0259y\u0259rini art\u0131rd\u0131\u011f\u0131n\u0131, onu c\u0259miyy\u0259td\u0259 daha qiym\u0259tli etdiyini ifad\u0259 edir. Bu s\u00f6z, elmin insan\u0131n \u015f\u0259xsiyy\u0259tini, davran\u0131\u015f\u0131n\u0131 v\u0259 h\u0259yat\u0131n\u0131 z\u0259nginl\u0259\u015fdirdiyini vur\u011fulay\u0131r. Elm, insan\u0131n d\u00fc\u015f\u00fcnc\u0259 t\u0259rzini geni\u015fl\u0259ndirir, ona yeni perspektivl\u0259r a\u00e7\u0131r v\u0259 c\u0259miyy\u0259td\u0259 daha m\u00fck\u0259mm\u0259l bir yer tutmas\u0131na imkan tan\u0131y\u0131r. Bu atalar s\u00f6z\u00fc, elmin insan\u0131n h\u0259yat\u0131nda n\u0259 q\u0259d\u0259r \u0259h\u0259miyy\u0259tli oldu\u011funu g\u00f6st\u0259rir v\u0259 insanlar\u0131 elm\u0259, biliy\u0259 y\u00f6n\u0259ltm\u0259k m\u0259qs\u0259dini g\u00fcd\u00fcr.<\/p>\n<p><b>Q\u0131sa M\u0259nas\u0131<\/b><br \/>Elm sahibi olmaq insan\u0131n d\u0259y\u0259rini art\u0131r\u0131r v\u0259 c\u0259miyy\u0259td\u0259 daha qiym\u0259tli edir.<\/p>\n","protected":false},"excerpt":{"rendered":"<p>&#8220;elm sahibin\u0259 b\u00f6y\u00fck zin\u0259tdir&#8221; atalar s\u00f6z\u00fc, elm v\u0259 bilik sahibi olma\u011f\u0131n insan\u0131n d\u0259y\u0259rini art\u0131rd\u0131\u011f\u0131n\u0131, onu c\u0259miyy\u0259td\u0259 daha qiym\u0259tli etdiyini ifad\u0259 edir. Bu s\u00f6z, elmin insan\u0131n \u015f\u0259xsiyy\u0259tini, davran\u0131\u015f\u0131n\u0131 v\u0259 h\u0259yat\u0131n\u0131 z\u0259nginl\u0259\u015fdirdiyini vur\u011fulay\u0131r. Elm, insan\u0131n d\u00fc\u015f\u00fcnc\u0259 t\u0259rzini geni\u015fl\u0259ndirir, ona yeni perspektivl\u0259r a\u00e7\u0131r v\u0259 c\u0259miyy\u0259td\u0259 daha m\u00fck\u0259mm\u0259l bir yer tutmas\u0131na imkan tan\u0131y\u0131r. Bu atalar s\u00f6z\u00fc, elmin insan\u0131n h\u0259yat\u0131nda &#8230; <a title=\"Elm Sahibin\u0259 B\u00f6y\u00fck Zin\u0259tdir\" class=\"read-more\" href=\"https:\/\/nedir.az\/atalar-sozleri\/elm-sahibine-boyuk-zinetdir-atalar-sozunun-menasi-nedir\" aria-label=\"Read more about Elm Sahibin\u0259 B\u00f6y\u00fck Zin\u0259tdir\">Read more<\/a><\/p>\n","protected":false},"author":2,"featured_media":0,"comment_status":"open","ping_status":"open","sticky":false,"template":"","format":"standard","meta":{"footnotes":""},"categories":[1],"tags":[],"class_list":["post-6390","post","type-post","status-publish","format-standard","hentry","category-atalar-sozleri-atalar-sozu"],"aioseo_notices":[],"_links":{"self":[{"href":"https:\/\/nedir.az\/atalar-sozleri\/wp-json\/wp\/v2\/posts\/6390","targetHints":{"allow":["GET"]}}],"collection":[{"href":"https:\/\/nedir.az\/atalar-sozleri\/wp-json\/wp\/v2\/posts"}],"about":[{"href":"https:\/\/nedir.az\/atalar-sozleri\/wp-json\/wp\/v2\/types\/post"}],"author":[{"embeddable":true,"href":"https:\/\/nedir.az\/atalar-sozleri\/wp-json\/wp\/v2\/users\/2"}],"replies":[{"embeddable":true,"href":"https:\/\/nedir.az\/atalar-sozleri\/wp-json\/wp\/v2\/comments?post=6390"}],"version-history":[{"count":0,"href":"https:\/\/nedir.az\/atalar-sozleri\/wp-json\/wp\/v2\/posts\/6390\/revisions"}],"wp:attachment":[{"href":"https:\/\/nedir.az\/atalar-sozleri\/wp-json\/wp\/v2\/media?parent=6390"}],"wp:term":[{"taxonomy":"category","embeddable":true,"href":"https:\/\/nedir.az\/atalar-sozleri\/wp-json\/wp\/v2\/categories?post=6390"},{"taxonomy":"post_tag","embeddable":true,"href":"https:\/\/nedir.az\/atalar-sozleri\/wp-json\/wp\/v2\/tags?post=6390"}],"curies":[{"name":"wp","href":"https:\/\/api.w.org\/{rel}","templated":true}]}}