{"id":6388,"date":"2024-09-06T21:34:18","date_gmt":"2024-09-06T21:34:18","guid":{"rendered":""},"modified":"-0001-11-30T00:00:00","modified_gmt":"-0001-11-29T21:00:00","slug":"elm-mertebesi-uca-olar","status":"publish","type":"post","link":"https:\/\/nedir.az\/atalar-sozleri\/elm-mertebesi-uca-olar-atalar-sozunun-menasi-nedir","title":{"rendered":"Elm M\u0259rt\u0259b\u0259si Uca Olar"},"content":{"rendered":"<p>&#8220;elm m\u0259rt\u0259b\u0259si uca olar&#8221; atalar s\u00f6z\u00fcn\u00fcn m\u0259nas\u0131, elm v\u0259 bilik \u0259ld\u0259 etm\u0259nin insan\u0131n sosial statusunu, d\u0259y\u0259rini v\u0259 h\u0259yat\u0131n\u0131 y\u00fcks\u0259ld\u0259c\u0259yini vur\u011fulay\u0131r. Bu atalar s\u00f6z\u00fc, insan\u0131n elm\u0259, t\u0259hsil\u0259 v\u0259 bilikl\u0259r\u0259 y\u00f6n\u0259lm\u0259sinin \u0259h\u0259miyy\u0259tini ifad\u0259 edir. Elm, insan\u0131n inki\u015faf\u0131na, c\u0259miyy\u0259tin ir\u0259lil\u0259m\u0259sin\u0259 v\u0259 f\u0259rdin \u00f6z\u00fcn\u00fc realla\u015fd\u0131rmas\u0131na k\u00f6m\u0259k ed\u0259n bir vasit\u0259dir. Bu s\u0259b\u0259bd\u0259n, elm\u0259 d\u0259y\u0259r verm\u0259k v\u0259 ona y\u00f6n\u0259lm\u0259k, insan\u0131n h\u0259yat\u0131nda m\u00fcsb\u0259t d\u0259yi\u015fiklikl\u0259r\u0259 s\u0259b\u0259b olur.<\/p>\n<p><b>Q\u0131sa M\u0259nas\u0131<\/b><br \/>Elm v\u0259 bilik insan\u0131n d\u0259y\u0259rini art\u0131r\u0131r, inki\u015faf\u0131na k\u00f6m\u0259k edir.<\/p>\n","protected":false},"excerpt":{"rendered":"<p>&#8220;elm m\u0259rt\u0259b\u0259si uca olar&#8221; atalar s\u00f6z\u00fcn\u00fcn m\u0259nas\u0131, elm v\u0259 bilik \u0259ld\u0259 etm\u0259nin insan\u0131n sosial statusunu, d\u0259y\u0259rini v\u0259 h\u0259yat\u0131n\u0131 y\u00fcks\u0259ld\u0259c\u0259yini vur\u011fulay\u0131r. Bu atalar s\u00f6z\u00fc, insan\u0131n elm\u0259, t\u0259hsil\u0259 v\u0259 bilikl\u0259r\u0259 y\u00f6n\u0259lm\u0259sinin \u0259h\u0259miyy\u0259tini ifad\u0259 edir. Elm, insan\u0131n inki\u015faf\u0131na, c\u0259miyy\u0259tin ir\u0259lil\u0259m\u0259sin\u0259 v\u0259 f\u0259rdin \u00f6z\u00fcn\u00fc realla\u015fd\u0131rmas\u0131na k\u00f6m\u0259k ed\u0259n bir vasit\u0259dir. Bu s\u0259b\u0259bd\u0259n, elm\u0259 d\u0259y\u0259r verm\u0259k v\u0259 ona y\u00f6n\u0259lm\u0259k, insan\u0131n h\u0259yat\u0131nda &#8230; <a title=\"Elm M\u0259rt\u0259b\u0259si Uca Olar\" class=\"read-more\" href=\"https:\/\/nedir.az\/atalar-sozleri\/elm-mertebesi-uca-olar-atalar-sozunun-menasi-nedir\" aria-label=\"Read more about Elm M\u0259rt\u0259b\u0259si Uca Olar\">Read more<\/a><\/p>\n","protected":false},"author":2,"featured_media":0,"comment_status":"open","ping_status":"open","sticky":false,"template":"","format":"standard","meta":{"footnotes":""},"categories":[1],"tags":[],"class_list":["post-6388","post","type-post","status-publish","format-standard","hentry","category-atalar-sozleri-atalar-sozu"],"aioseo_notices":[],"_links":{"self":[{"href":"https:\/\/nedir.az\/atalar-sozleri\/wp-json\/wp\/v2\/posts\/6388","targetHints":{"allow":["GET"]}}],"collection":[{"href":"https:\/\/nedir.az\/atalar-sozleri\/wp-json\/wp\/v2\/posts"}],"about":[{"href":"https:\/\/nedir.az\/atalar-sozleri\/wp-json\/wp\/v2\/types\/post"}],"author":[{"embeddable":true,"href":"https:\/\/nedir.az\/atalar-sozleri\/wp-json\/wp\/v2\/users\/2"}],"replies":[{"embeddable":true,"href":"https:\/\/nedir.az\/atalar-sozleri\/wp-json\/wp\/v2\/comments?post=6388"}],"version-history":[{"count":0,"href":"https:\/\/nedir.az\/atalar-sozleri\/wp-json\/wp\/v2\/posts\/6388\/revisions"}],"wp:attachment":[{"href":"https:\/\/nedir.az\/atalar-sozleri\/wp-json\/wp\/v2\/media?parent=6388"}],"wp:term":[{"taxonomy":"category","embeddable":true,"href":"https:\/\/nedir.az\/atalar-sozleri\/wp-json\/wp\/v2\/categories?post=6388"},{"taxonomy":"post_tag","embeddable":true,"href":"https:\/\/nedir.az\/atalar-sozleri\/wp-json\/wp\/v2\/tags?post=6388"}],"curies":[{"name":"wp","href":"https:\/\/api.w.org\/{rel}","templated":true}]}}