{"id":6387,"date":"2024-09-06T21:34:18","date_gmt":"2024-09-06T21:34:18","guid":{"rendered":""},"modified":"-0001-11-30T00:00:00","modified_gmt":"-0001-11-29T21:00:00","slug":"elm-insana-boyuk-mirasdir","status":"publish","type":"post","link":"https:\/\/nedir.az\/atalar-sozleri\/elm-insana-boyuk-mirasdir-atalar-sozunun-menasi-nedir","title":{"rendered":"Elm \u0130nsana B\u00f6y\u00fck Mirasd\u0131r"},"content":{"rendered":"<p>&#8220;elm insana b\u00f6y\u00fck mirasd\u0131r&#8221; atalar s\u00f6z\u00fcn\u00fcn m\u0259nas\u0131, elmin insan\u0131n h\u0259yat\u0131nda, inki\u015faf\u0131nda v\u0259 c\u0259miyy\u0259tin ir\u0259lil\u0259m\u0259sind\u0259 n\u0259 q\u0259d\u0259r \u0259h\u0259miyy\u0259tli oldu\u011funu vur\u011fulay\u0131r. Bu atalar s\u00f6z\u00fc, bilik v\u0259 t\u0259cr\u00fcb\u0259nin n\u0259sild\u0259n-n\u0259sl\u0259 \u00f6t\u00fcr\u00fclm\u0259sinin, insan\u0131n \u00f6z\u00fcn\u00fc inki\u015faf etdirm\u0259sinin v\u0259 c\u0259miyy\u0259tin t\u0259r\u0259qqisinin \u0259sas\u0131n\u0131 elmin t\u0259\u015fkil etdiyini ifad\u0259 edir. Elm, insan\u0131n d\u00fc\u015f\u00fcnc\u0259 qabiliyy\u0259tini art\u0131r\u0131r, probleml\u0259ri h\u0259ll etm\u0259y\u0259 k\u00f6m\u0259k edir v\u0259 yeni k\u0259\u015ffl\u0259r\u0259 yol a\u00e7\u0131r. Bu s\u0259b\u0259bd\u0259n, elm\u0259 d\u0259y\u0259r verm\u0259k, onu \u00f6yr\u0259nm\u0259k v\u0259 t\u0259tbiq etm\u0259k h\u0259r bir insan\u0131n v\u0259 c\u0259miyy\u0259tin inki\u015faf\u0131 \u00fc\u00e7\u00fcn vacibdir.<\/p>\n<p><b>Q\u0131sa M\u0259nas\u0131<\/b><br \/>Elm, insan\u0131n inki\u015faf\u0131 v\u0259 c\u0259miyy\u0259tin t\u0259r\u0259qqisi \u00fc\u00e7\u00fcn vacib bir mirasd\u0131r.<\/p>\n","protected":false},"excerpt":{"rendered":"<p>&#8220;elm insana b\u00f6y\u00fck mirasd\u0131r&#8221; atalar s\u00f6z\u00fcn\u00fcn m\u0259nas\u0131, elmin insan\u0131n h\u0259yat\u0131nda, inki\u015faf\u0131nda v\u0259 c\u0259miyy\u0259tin ir\u0259lil\u0259m\u0259sind\u0259 n\u0259 q\u0259d\u0259r \u0259h\u0259miyy\u0259tli oldu\u011funu vur\u011fulay\u0131r. Bu atalar s\u00f6z\u00fc, bilik v\u0259 t\u0259cr\u00fcb\u0259nin n\u0259sild\u0259n-n\u0259sl\u0259 \u00f6t\u00fcr\u00fclm\u0259sinin, insan\u0131n \u00f6z\u00fcn\u00fc inki\u015faf etdirm\u0259sinin v\u0259 c\u0259miyy\u0259tin t\u0259r\u0259qqisinin \u0259sas\u0131n\u0131 elmin t\u0259\u015fkil etdiyini ifad\u0259 edir. Elm, insan\u0131n d\u00fc\u015f\u00fcnc\u0259 qabiliyy\u0259tini art\u0131r\u0131r, probleml\u0259ri h\u0259ll etm\u0259y\u0259 k\u00f6m\u0259k edir v\u0259 yeni k\u0259\u015ffl\u0259r\u0259 yol a\u00e7\u0131r. &#8230; <a title=\"Elm \u0130nsana B\u00f6y\u00fck Mirasd\u0131r\" class=\"read-more\" href=\"https:\/\/nedir.az\/atalar-sozleri\/elm-insana-boyuk-mirasdir-atalar-sozunun-menasi-nedir\" aria-label=\"Read more about Elm \u0130nsana B\u00f6y\u00fck Mirasd\u0131r\">Read more<\/a><\/p>\n","protected":false},"author":2,"featured_media":0,"comment_status":"open","ping_status":"open","sticky":false,"template":"","format":"standard","meta":{"footnotes":""},"categories":[1],"tags":[],"class_list":["post-6387","post","type-post","status-publish","format-standard","hentry","category-atalar-sozleri-atalar-sozu"],"aioseo_notices":[],"_links":{"self":[{"href":"https:\/\/nedir.az\/atalar-sozleri\/wp-json\/wp\/v2\/posts\/6387","targetHints":{"allow":["GET"]}}],"collection":[{"href":"https:\/\/nedir.az\/atalar-sozleri\/wp-json\/wp\/v2\/posts"}],"about":[{"href":"https:\/\/nedir.az\/atalar-sozleri\/wp-json\/wp\/v2\/types\/post"}],"author":[{"embeddable":true,"href":"https:\/\/nedir.az\/atalar-sozleri\/wp-json\/wp\/v2\/users\/2"}],"replies":[{"embeddable":true,"href":"https:\/\/nedir.az\/atalar-sozleri\/wp-json\/wp\/v2\/comments?post=6387"}],"version-history":[{"count":0,"href":"https:\/\/nedir.az\/atalar-sozleri\/wp-json\/wp\/v2\/posts\/6387\/revisions"}],"wp:attachment":[{"href":"https:\/\/nedir.az\/atalar-sozleri\/wp-json\/wp\/v2\/media?parent=6387"}],"wp:term":[{"taxonomy":"category","embeddable":true,"href":"https:\/\/nedir.az\/atalar-sozleri\/wp-json\/wp\/v2\/categories?post=6387"},{"taxonomy":"post_tag","embeddable":true,"href":"https:\/\/nedir.az\/atalar-sozleri\/wp-json\/wp\/v2\/tags?post=6387"}],"curies":[{"name":"wp","href":"https:\/\/api.w.org\/{rel}","templated":true}]}}