{"id":6385,"date":"2024-09-06T21:34:18","date_gmt":"2024-09-06T21:34:18","guid":{"rendered":""},"modified":"-0001-11-30T00:00:00","modified_gmt":"-0001-11-29T21:00:00","slug":"elm-agilin-ciragidir","status":"publish","type":"post","link":"https:\/\/nedir.az\/atalar-sozleri\/elm-agilin-ciragidir-atalar-sozunun-menasi-nedir","title":{"rendered":"Elm A\u011f\u0131l\u0131n \u00c7\u0131ra\u011f\u0131d\u0131r"},"content":{"rendered":"<p>&#8220;elm a\u011f\u0131l\u0131n \u00e7\u0131ra\u011f\u0131d\u0131r&#8221; atalar s\u00f6z\u00fcn\u00fcn m\u0259nas\u0131, elm v\u0259 bilikl\u0259rin insan\u0131n d\u00fc\u015f\u00fcnc\u0259 v\u0259 davran\u0131\u015flar\u0131n\u0131 i\u015f\u0131qland\u0131ran, y\u00f6nl\u0259ndir\u0259n bir vasit\u0259 oldu\u011funu ifad\u0259 edir. Bu s\u00f6z, insan\u0131n h\u0259yat\u0131nda elmin v\u0259 bilikl\u0259rin \u0259h\u0259miyy\u0259tini vur\u011fulay\u0131r. Elm, insan\u0131n do\u011fru q\u0259rarlar verm\u0259sin\u0259, probleml\u0259ri h\u0259ll etm\u0259sin\u0259 v\u0259 d\u00fcnyan\u0131 daha yax\u015f\u0131 anlamas\u0131na k\u00f6m\u0259k edir. Bu atalar s\u00f6z\u00fc, elmin insan\u0131n inki\u015faf\u0131nda v\u0259 c\u0259miyy\u0259tin ir\u0259lil\u0259m\u0259sind\u0259ki rolunu da \u00f6n\u0259 \u00e7\u0131xar\u0131r.<\/p>\n<p><b>Q\u0131sa M\u0259nas\u0131<\/b><br \/>Elm v\u0259 bilikl\u0259rin insan\u0131n d\u00fc\u015f\u00fcnc\u0259 v\u0259 davran\u0131\u015flar\u0131n\u0131 i\u015f\u0131qland\u0131ran \u0259h\u0259miyy\u0259tini vur\u011fulay\u0131r.<\/p>\n","protected":false},"excerpt":{"rendered":"<p>&#8220;elm a\u011f\u0131l\u0131n \u00e7\u0131ra\u011f\u0131d\u0131r&#8221; atalar s\u00f6z\u00fcn\u00fcn m\u0259nas\u0131, elm v\u0259 bilikl\u0259rin insan\u0131n d\u00fc\u015f\u00fcnc\u0259 v\u0259 davran\u0131\u015flar\u0131n\u0131 i\u015f\u0131qland\u0131ran, y\u00f6nl\u0259ndir\u0259n bir vasit\u0259 oldu\u011funu ifad\u0259 edir. Bu s\u00f6z, insan\u0131n h\u0259yat\u0131nda elmin v\u0259 bilikl\u0259rin \u0259h\u0259miyy\u0259tini vur\u011fulay\u0131r. Elm, insan\u0131n do\u011fru q\u0259rarlar verm\u0259sin\u0259, probleml\u0259ri h\u0259ll etm\u0259sin\u0259 v\u0259 d\u00fcnyan\u0131 daha yax\u015f\u0131 anlamas\u0131na k\u00f6m\u0259k edir. Bu atalar s\u00f6z\u00fc, elmin insan\u0131n inki\u015faf\u0131nda v\u0259 c\u0259miyy\u0259tin ir\u0259lil\u0259m\u0259sind\u0259ki rolunu da &#8230; <a title=\"Elm A\u011f\u0131l\u0131n \u00c7\u0131ra\u011f\u0131d\u0131r\" class=\"read-more\" href=\"https:\/\/nedir.az\/atalar-sozleri\/elm-agilin-ciragidir-atalar-sozunun-menasi-nedir\" aria-label=\"Read more about Elm A\u011f\u0131l\u0131n \u00c7\u0131ra\u011f\u0131d\u0131r\">Read more<\/a><\/p>\n","protected":false},"author":2,"featured_media":0,"comment_status":"open","ping_status":"open","sticky":false,"template":"","format":"standard","meta":{"footnotes":""},"categories":[1],"tags":[],"class_list":["post-6385","post","type-post","status-publish","format-standard","hentry","category-atalar-sozleri-atalar-sozu"],"aioseo_notices":[],"_links":{"self":[{"href":"https:\/\/nedir.az\/atalar-sozleri\/wp-json\/wp\/v2\/posts\/6385","targetHints":{"allow":["GET"]}}],"collection":[{"href":"https:\/\/nedir.az\/atalar-sozleri\/wp-json\/wp\/v2\/posts"}],"about":[{"href":"https:\/\/nedir.az\/atalar-sozleri\/wp-json\/wp\/v2\/types\/post"}],"author":[{"embeddable":true,"href":"https:\/\/nedir.az\/atalar-sozleri\/wp-json\/wp\/v2\/users\/2"}],"replies":[{"embeddable":true,"href":"https:\/\/nedir.az\/atalar-sozleri\/wp-json\/wp\/v2\/comments?post=6385"}],"version-history":[{"count":0,"href":"https:\/\/nedir.az\/atalar-sozleri\/wp-json\/wp\/v2\/posts\/6385\/revisions"}],"wp:attachment":[{"href":"https:\/\/nedir.az\/atalar-sozleri\/wp-json\/wp\/v2\/media?parent=6385"}],"wp:term":[{"taxonomy":"category","embeddable":true,"href":"https:\/\/nedir.az\/atalar-sozleri\/wp-json\/wp\/v2\/categories?post=6385"},{"taxonomy":"post_tag","embeddable":true,"href":"https:\/\/nedir.az\/atalar-sozleri\/wp-json\/wp\/v2\/tags?post=6385"}],"curies":[{"name":"wp","href":"https:\/\/api.w.org\/{rel}","templated":true}]}}