{"id":6384,"date":"2024-09-06T21:34:18","date_gmt":"2024-09-06T21:34:18","guid":{"rendered":""},"modified":"-0001-11-30T00:00:00","modified_gmt":"-0001-11-29T21:00:00","slug":"elm-adamin-eybini-orter","status":"publish","type":"post","link":"https:\/\/nedir.az\/atalar-sozleri\/elm-adamin-eybini-orter-atalar-sozunun-menasi-nedir","title":{"rendered":"Elm Adam\u0131n Eybini \u00d6rt\u0259r"},"content":{"rendered":"<p>&#8220;elm adam\u0131n eybini \u00f6rt\u0259r&#8221; atalar s\u00f6z\u00fc, elm v\u0259 bilik sahibi olan insanlar\u0131n, b\u0259z\u0259n \u00f6zl\u0259rinin d\u0259 s\u0259hvl\u0259ri olsa bel\u0259, c\u0259miyy\u0259t t\u0259r\u0259find\u0259n daha \u00e7ox q\u0259bul edildikl\u0259rini v\u0259 onlara daha \u00e7ox etibar edildiyini ifad\u0259 edir. Bu s\u00f6z, elmin v\u0259 bilikl\u0259rin insanlar\u0131 daha d\u0259y\u0259rli etdiyini, onlar\u0131n s\u0259hvl\u0259rinin daha az diqq\u0259t\u0259 al\u0131nd\u0131\u011f\u0131n\u0131 vur\u011fulay\u0131r. Eyni zamanda, elm adamlar\u0131n\u0131n c\u0259miyy\u0259t\u0259 verdiyi t\u00f6hf\u0259l\u0259rin, onlar\u0131n \u015f\u0259xsi q\u00fcsurlar\u0131n\u0131 \u00f6rt-basd\u0131r ed\u0259 bil\u0259c\u0259yini g\u00f6st\u0259rir.<\/p>\n<p><b>Q\u0131sa M\u0259nas\u0131<\/b><br \/>Elm adamlar\u0131n\u0131n bilikl\u0259ri, onlar\u0131n \u015f\u0259xsi s\u0259hvl\u0259rini gizl\u0259d\u0259 bil\u0259r.<\/p>\n","protected":false},"excerpt":{"rendered":"<p>&#8220;elm adam\u0131n eybini \u00f6rt\u0259r&#8221; atalar s\u00f6z\u00fc, elm v\u0259 bilik sahibi olan insanlar\u0131n, b\u0259z\u0259n \u00f6zl\u0259rinin d\u0259 s\u0259hvl\u0259ri olsa bel\u0259, c\u0259miyy\u0259t t\u0259r\u0259find\u0259n daha \u00e7ox q\u0259bul edildikl\u0259rini v\u0259 onlara daha \u00e7ox etibar edildiyini ifad\u0259 edir. Bu s\u00f6z, elmin v\u0259 bilikl\u0259rin insanlar\u0131 daha d\u0259y\u0259rli etdiyini, onlar\u0131n s\u0259hvl\u0259rinin daha az diqq\u0259t\u0259 al\u0131nd\u0131\u011f\u0131n\u0131 vur\u011fulay\u0131r. Eyni zamanda, elm adamlar\u0131n\u0131n c\u0259miyy\u0259t\u0259 verdiyi t\u00f6hf\u0259l\u0259rin, &#8230; <a title=\"Elm Adam\u0131n Eybini \u00d6rt\u0259r\" class=\"read-more\" href=\"https:\/\/nedir.az\/atalar-sozleri\/elm-adamin-eybini-orter-atalar-sozunun-menasi-nedir\" aria-label=\"Read more about Elm Adam\u0131n Eybini \u00d6rt\u0259r\">Read more<\/a><\/p>\n","protected":false},"author":2,"featured_media":0,"comment_status":"open","ping_status":"open","sticky":false,"template":"","format":"standard","meta":{"footnotes":""},"categories":[1],"tags":[],"class_list":["post-6384","post","type-post","status-publish","format-standard","hentry","category-atalar-sozleri-atalar-sozu"],"aioseo_notices":[],"_links":{"self":[{"href":"https:\/\/nedir.az\/atalar-sozleri\/wp-json\/wp\/v2\/posts\/6384","targetHints":{"allow":["GET"]}}],"collection":[{"href":"https:\/\/nedir.az\/atalar-sozleri\/wp-json\/wp\/v2\/posts"}],"about":[{"href":"https:\/\/nedir.az\/atalar-sozleri\/wp-json\/wp\/v2\/types\/post"}],"author":[{"embeddable":true,"href":"https:\/\/nedir.az\/atalar-sozleri\/wp-json\/wp\/v2\/users\/2"}],"replies":[{"embeddable":true,"href":"https:\/\/nedir.az\/atalar-sozleri\/wp-json\/wp\/v2\/comments?post=6384"}],"version-history":[{"count":0,"href":"https:\/\/nedir.az\/atalar-sozleri\/wp-json\/wp\/v2\/posts\/6384\/revisions"}],"wp:attachment":[{"href":"https:\/\/nedir.az\/atalar-sozleri\/wp-json\/wp\/v2\/media?parent=6384"}],"wp:term":[{"taxonomy":"category","embeddable":true,"href":"https:\/\/nedir.az\/atalar-sozleri\/wp-json\/wp\/v2\/categories?post=6384"},{"taxonomy":"post_tag","embeddable":true,"href":"https:\/\/nedir.az\/atalar-sozleri\/wp-json\/wp\/v2\/tags?post=6384"}],"curies":[{"name":"wp","href":"https:\/\/api.w.org\/{rel}","templated":true}]}}