{"id":6379,"date":"2024-09-06T21:34:18","date_gmt":"2024-09-06T21:34:18","guid":{"rendered":""},"modified":"-0001-11-30T00:00:00","modified_gmt":"-0001-11-29T21:00:00","slug":"elinden-ayrilani-qurd-yeyer","status":"publish","type":"post","link":"https:\/\/nedir.az\/atalar-sozleri\/elinden-ayrilani-qurd-yeyer-atalar-sozunun-menasi-nedir","title":{"rendered":"Elind\u0259n Ayr\u0131lan\u0131 Qurd Yey\u0259r"},"content":{"rendered":"<p>&#8220;elind\u0259n ayr\u0131lan\u0131 qurd yey\u0259r&#8221; atalar s\u00f6z\u00fcn\u00fcn m\u0259nas\u0131, bir insan\u0131n \u00f6z i\u015fini, mal\u0131n\u0131 v\u0259 ya \u0259\u015fyas\u0131n\u0131 laz\u0131mi qaydada qorumaq v\u0259 ya onlara sahib \u00e7\u0131xmaqda laqeyd yana\u015fmas\u0131n\u0131n n\u0259tic\u0259l\u0259rinin pis olaca\u011f\u0131n\u0131 ifad\u0259 edir. Bu atalar s\u00f6z\u00fc, bir \u015feyi itirdikd\u0259 ya da ona diqq\u0259t yetirm\u0259dikd\u0259, onun ba\u015fqalar\u0131 t\u0259r\u0259find\u0259n istismar edil\u0259 bil\u0259c\u0259yini vur\u011fulay\u0131r. Y\u0259ni, insan\u0131n \u00f6z \u0259\u015fyalar\u0131na, i\u015fl\u0259rin\u0259 v\u0259 ya m\u00fcnasib\u0259tl\u0259rin\u0259 diqq\u0259t yetirm\u0259m\u0259si, onlar\u0131 ba\u015fqalar\u0131n\u0131n \u0259lin\u0259 verm\u0259si il\u0259 n\u0259tic\u0259l\u0259n\u0259 bil\u0259r.<\/p>\n<p><b>Q\u0131sa M\u0259nas\u0131<\/b><br \/> \u00d6z i\u015fini v\u0259 \u0259\u015fyalar\u0131n\u0131 qorumaq laz\u0131md\u0131r, \u0259ks halda ba\u015fqalar\u0131 t\u0259r\u0259find\u0259n istismar oluna bil\u0259r.<\/p>\n","protected":false},"excerpt":{"rendered":"<p>&#8220;elind\u0259n ayr\u0131lan\u0131 qurd yey\u0259r&#8221; atalar s\u00f6z\u00fcn\u00fcn m\u0259nas\u0131, bir insan\u0131n \u00f6z i\u015fini, mal\u0131n\u0131 v\u0259 ya \u0259\u015fyas\u0131n\u0131 laz\u0131mi qaydada qorumaq v\u0259 ya onlara sahib \u00e7\u0131xmaqda laqeyd yana\u015fmas\u0131n\u0131n n\u0259tic\u0259l\u0259rinin pis olaca\u011f\u0131n\u0131 ifad\u0259 edir. Bu atalar s\u00f6z\u00fc, bir \u015feyi itirdikd\u0259 ya da ona diqq\u0259t yetirm\u0259dikd\u0259, onun ba\u015fqalar\u0131 t\u0259r\u0259find\u0259n istismar edil\u0259 bil\u0259c\u0259yini vur\u011fulay\u0131r. Y\u0259ni, insan\u0131n \u00f6z \u0259\u015fyalar\u0131na, i\u015fl\u0259rin\u0259 v\u0259 ya &#8230; <a title=\"Elind\u0259n Ayr\u0131lan\u0131 Qurd Yey\u0259r\" class=\"read-more\" href=\"https:\/\/nedir.az\/atalar-sozleri\/elinden-ayrilani-qurd-yeyer-atalar-sozunun-menasi-nedir\" aria-label=\"Read more about Elind\u0259n Ayr\u0131lan\u0131 Qurd Yey\u0259r\">Read more<\/a><\/p>\n","protected":false},"author":2,"featured_media":0,"comment_status":"open","ping_status":"open","sticky":false,"template":"","format":"standard","meta":{"footnotes":""},"categories":[1],"tags":[],"class_list":["post-6379","post","type-post","status-publish","format-standard","hentry","category-atalar-sozleri-atalar-sozu"],"aioseo_notices":[],"_links":{"self":[{"href":"https:\/\/nedir.az\/atalar-sozleri\/wp-json\/wp\/v2\/posts\/6379","targetHints":{"allow":["GET"]}}],"collection":[{"href":"https:\/\/nedir.az\/atalar-sozleri\/wp-json\/wp\/v2\/posts"}],"about":[{"href":"https:\/\/nedir.az\/atalar-sozleri\/wp-json\/wp\/v2\/types\/post"}],"author":[{"embeddable":true,"href":"https:\/\/nedir.az\/atalar-sozleri\/wp-json\/wp\/v2\/users\/2"}],"replies":[{"embeddable":true,"href":"https:\/\/nedir.az\/atalar-sozleri\/wp-json\/wp\/v2\/comments?post=6379"}],"version-history":[{"count":0,"href":"https:\/\/nedir.az\/atalar-sozleri\/wp-json\/wp\/v2\/posts\/6379\/revisions"}],"wp:attachment":[{"href":"https:\/\/nedir.az\/atalar-sozleri\/wp-json\/wp\/v2\/media?parent=6379"}],"wp:term":[{"taxonomy":"category","embeddable":true,"href":"https:\/\/nedir.az\/atalar-sozleri\/wp-json\/wp\/v2\/categories?post=6379"},{"taxonomy":"post_tag","embeddable":true,"href":"https:\/\/nedir.az\/atalar-sozleri\/wp-json\/wp\/v2\/tags?post=6379"}],"curies":[{"name":"wp","href":"https:\/\/api.w.org\/{rel}","templated":true}]}}