{"id":6368,"date":"2024-09-06T21:34:17","date_gmt":"2024-09-06T21:34:17","guid":{"rendered":""},"modified":"-0001-11-30T00:00:00","modified_gmt":"-0001-11-29T21:00:00","slug":"elin-gozu-serraf-olar","status":"publish","type":"post","link":"https:\/\/nedir.az\/atalar-sozleri\/elin-gozu-serraf-olar-atalar-sozunun-menasi-nedir","title":{"rendered":"Elin G\u00f6z\u00fc S\u0259rraf Olar"},"content":{"rendered":"<p>&#8220;Elin g\u00f6z\u00fc s\u0259rraf olar&#8221; atalar s\u00f6z\u00fc, insanlar\u0131n bir-birini daha yax\u015f\u0131 tan\u0131mas\u0131, ba\u015fqalar\u0131n\u0131n i\u015fl\u0259rini, davran\u0131\u015flar\u0131n\u0131 v\u0259 keyfiyy\u0259tl\u0259rini daha yax\u015f\u0131 qiym\u0259tl\u0259ndirm\u0259si anlam\u0131na g\u0259lir. Bu s\u00f6z, insanlar\u0131n bir araya g\u0259ldikd\u0259, bir-birinin d\u0259y\u0259rini daha yax\u015f\u0131 anlayaca\u011f\u0131n\u0131 v\u0259 qiym\u0259tl\u0259ndir\u0259c\u0259yini vur\u011fulay\u0131r. H\u0259m\u00e7inin, bir c\u0259miyy\u0259tin, bir qrupun i\u00e7ind\u0259ki insanlar\u0131n bir-birin\u0259 olan t\u0259sirinin, bir-birinin i\u015fl\u0259rini daha yax\u015f\u0131 g\u00f6rm\u0259l\u0259rinin v\u0259 qiym\u0259tl\u0259ndirm\u0259l\u0259rinin \u00f6n\u0259mini ifad\u0259 edir.<\/p>\n<p><b>Q\u0131sa M\u0259nas\u0131<\/b><br \/> \u0130nsanlar\u0131n bir-birini daha yax\u015f\u0131 tan\u0131mas\u0131 v\u0259 qiym\u0259tl\u0259ndirm\u0259si.<\/p>\n","protected":false},"excerpt":{"rendered":"<p>&#8220;Elin g\u00f6z\u00fc s\u0259rraf olar&#8221; atalar s\u00f6z\u00fc, insanlar\u0131n bir-birini daha yax\u015f\u0131 tan\u0131mas\u0131, ba\u015fqalar\u0131n\u0131n i\u015fl\u0259rini, davran\u0131\u015flar\u0131n\u0131 v\u0259 keyfiyy\u0259tl\u0259rini daha yax\u015f\u0131 qiym\u0259tl\u0259ndirm\u0259si anlam\u0131na g\u0259lir. Bu s\u00f6z, insanlar\u0131n bir araya g\u0259ldikd\u0259, bir-birinin d\u0259y\u0259rini daha yax\u015f\u0131 anlayaca\u011f\u0131n\u0131 v\u0259 qiym\u0259tl\u0259ndir\u0259c\u0259yini vur\u011fulay\u0131r. H\u0259m\u00e7inin, bir c\u0259miyy\u0259tin, bir qrupun i\u00e7ind\u0259ki insanlar\u0131n bir-birin\u0259 olan t\u0259sirinin, bir-birinin i\u015fl\u0259rini daha yax\u015f\u0131 g\u00f6rm\u0259l\u0259rinin v\u0259 qiym\u0259tl\u0259ndirm\u0259l\u0259rinin \u00f6n\u0259mini ifad\u0259 edir. &#8230; <a title=\"Elin G\u00f6z\u00fc S\u0259rraf Olar\" class=\"read-more\" href=\"https:\/\/nedir.az\/atalar-sozleri\/elin-gozu-serraf-olar-atalar-sozunun-menasi-nedir\" aria-label=\"Read more about Elin G\u00f6z\u00fc S\u0259rraf Olar\">Read more<\/a><\/p>\n","protected":false},"author":2,"featured_media":0,"comment_status":"open","ping_status":"open","sticky":false,"template":"","format":"standard","meta":{"footnotes":""},"categories":[1],"tags":[],"class_list":["post-6368","post","type-post","status-publish","format-standard","hentry","category-atalar-sozleri-atalar-sozu"],"aioseo_notices":[],"_links":{"self":[{"href":"https:\/\/nedir.az\/atalar-sozleri\/wp-json\/wp\/v2\/posts\/6368","targetHints":{"allow":["GET"]}}],"collection":[{"href":"https:\/\/nedir.az\/atalar-sozleri\/wp-json\/wp\/v2\/posts"}],"about":[{"href":"https:\/\/nedir.az\/atalar-sozleri\/wp-json\/wp\/v2\/types\/post"}],"author":[{"embeddable":true,"href":"https:\/\/nedir.az\/atalar-sozleri\/wp-json\/wp\/v2\/users\/2"}],"replies":[{"embeddable":true,"href":"https:\/\/nedir.az\/atalar-sozleri\/wp-json\/wp\/v2\/comments?post=6368"}],"version-history":[{"count":0,"href":"https:\/\/nedir.az\/atalar-sozleri\/wp-json\/wp\/v2\/posts\/6368\/revisions"}],"wp:attachment":[{"href":"https:\/\/nedir.az\/atalar-sozleri\/wp-json\/wp\/v2\/media?parent=6368"}],"wp:term":[{"taxonomy":"category","embeddable":true,"href":"https:\/\/nedir.az\/atalar-sozleri\/wp-json\/wp\/v2\/categories?post=6368"},{"taxonomy":"post_tag","embeddable":true,"href":"https:\/\/nedir.az\/atalar-sozleri\/wp-json\/wp\/v2\/tags?post=6368"}],"curies":[{"name":"wp","href":"https:\/\/api.w.org\/{rel}","templated":true}]}}