{"id":6367,"date":"2024-09-06T21:34:17","date_gmt":"2024-09-06T21:34:17","guid":{"rendered":""},"modified":"-0001-11-30T00:00:00","modified_gmt":"-0001-11-29T21:00:00","slug":"elin-gozu-das-erider","status":"publish","type":"post","link":"https:\/\/nedir.az\/atalar-sozleri\/elin-gozu-das-erider-atalar-sozunun-menasi-nedir","title":{"rendered":"Elin G\u00f6z\u00fc Da\u015f \u018frid\u0259r"},"content":{"rendered":"<p>&#8220;elin g\u00f6z\u00fc da\u015f \u0259rid\u0259r&#8221; atalar s\u00f6z\u00fcn\u00fcn m\u0259nas\u0131, insan\u0131n irad\u0259si, \u00e7al\u0131\u015fqanl\u0131\u011f\u0131 v\u0259 diqq\u0259ti il\u0259 \u00e7\u0259tinlikl\u0259rin \u00f6hd\u0259sind\u0259n g\u0259l\u0259 bil\u0259c\u0259yini ifad\u0259 edir. Bu atalar s\u00f6z\u00fc, bir insan\u0131n m\u0259qs\u0259din\u0259 \u00e7atmaq \u00fc\u00e7\u00fcn s\u0259rf etdiyi z\u0259hm\u0259tin v\u0259 \u0259zminin n\u0259 q\u0259d\u0259r g\u00fccl\u00fc oldu\u011funu vur\u011fulay\u0131r. H\u0259m\u00e7inin, bu ifad\u0259, bir i\u015fin g\u00f6r\u00fclm\u0259si \u00fc\u00e7\u00fcn laz\u0131m olan s\u0259yl\u0259rin v\u0259 diqq\u0259tin \u0259h\u0259miyy\u0259tini \u00f6n plana \u00e7\u0131xar\u0131r. <\/p>\n<p><b>Q\u0131sa M\u0259nas\u0131<\/b><br \/> \u0130nsan irad\u0259si v\u0259 \u00e7al\u0131\u015fqanl\u0131\u011f\u0131 il\u0259 \u00e7\u0259tinlikl\u0259rin \u00f6hd\u0259sind\u0259n g\u0259l\u0259 bil\u0259r.<\/p>\n","protected":false},"excerpt":{"rendered":"<p>&#8220;elin g\u00f6z\u00fc da\u015f \u0259rid\u0259r&#8221; atalar s\u00f6z\u00fcn\u00fcn m\u0259nas\u0131, insan\u0131n irad\u0259si, \u00e7al\u0131\u015fqanl\u0131\u011f\u0131 v\u0259 diqq\u0259ti il\u0259 \u00e7\u0259tinlikl\u0259rin \u00f6hd\u0259sind\u0259n g\u0259l\u0259 bil\u0259c\u0259yini ifad\u0259 edir. Bu atalar s\u00f6z\u00fc, bir insan\u0131n m\u0259qs\u0259din\u0259 \u00e7atmaq \u00fc\u00e7\u00fcn s\u0259rf etdiyi z\u0259hm\u0259tin v\u0259 \u0259zminin n\u0259 q\u0259d\u0259r g\u00fccl\u00fc oldu\u011funu vur\u011fulay\u0131r. H\u0259m\u00e7inin, bu ifad\u0259, bir i\u015fin g\u00f6r\u00fclm\u0259si \u00fc\u00e7\u00fcn laz\u0131m olan s\u0259yl\u0259rin v\u0259 diqq\u0259tin \u0259h\u0259miyy\u0259tini \u00f6n plana \u00e7\u0131xar\u0131r. Q\u0131sa M\u0259nas\u0131 &#8230; <a title=\"Elin G\u00f6z\u00fc Da\u015f \u018frid\u0259r\" class=\"read-more\" href=\"https:\/\/nedir.az\/atalar-sozleri\/elin-gozu-das-erider-atalar-sozunun-menasi-nedir\" aria-label=\"Read more about Elin G\u00f6z\u00fc Da\u015f \u018frid\u0259r\">Read more<\/a><\/p>\n","protected":false},"author":2,"featured_media":0,"comment_status":"open","ping_status":"open","sticky":false,"template":"","format":"standard","meta":{"footnotes":""},"categories":[1],"tags":[],"class_list":["post-6367","post","type-post","status-publish","format-standard","hentry","category-atalar-sozleri-atalar-sozu"],"aioseo_notices":[],"_links":{"self":[{"href":"https:\/\/nedir.az\/atalar-sozleri\/wp-json\/wp\/v2\/posts\/6367","targetHints":{"allow":["GET"]}}],"collection":[{"href":"https:\/\/nedir.az\/atalar-sozleri\/wp-json\/wp\/v2\/posts"}],"about":[{"href":"https:\/\/nedir.az\/atalar-sozleri\/wp-json\/wp\/v2\/types\/post"}],"author":[{"embeddable":true,"href":"https:\/\/nedir.az\/atalar-sozleri\/wp-json\/wp\/v2\/users\/2"}],"replies":[{"embeddable":true,"href":"https:\/\/nedir.az\/atalar-sozleri\/wp-json\/wp\/v2\/comments?post=6367"}],"version-history":[{"count":0,"href":"https:\/\/nedir.az\/atalar-sozleri\/wp-json\/wp\/v2\/posts\/6367\/revisions"}],"wp:attachment":[{"href":"https:\/\/nedir.az\/atalar-sozleri\/wp-json\/wp\/v2\/media?parent=6367"}],"wp:term":[{"taxonomy":"category","embeddable":true,"href":"https:\/\/nedir.az\/atalar-sozleri\/wp-json\/wp\/v2\/categories?post=6367"},{"taxonomy":"post_tag","embeddable":true,"href":"https:\/\/nedir.az\/atalar-sozleri\/wp-json\/wp\/v2\/tags?post=6367"}],"curies":[{"name":"wp","href":"https:\/\/api.w.org\/{rel}","templated":true}]}}