{"id":6362,"date":"2024-09-06T21:34:17","date_gmt":"2024-09-06T21:34:17","guid":{"rendered":""},"modified":"-0001-11-30T00:00:00","modified_gmt":"-0001-11-29T21:00:00","slug":"elime-qalsin-gunume-qalmasin","status":"publish","type":"post","link":"https:\/\/nedir.az\/atalar-sozleri\/elime-qalsin-gunume-qalmasin-atalar-sozunun-menasi-nedir","title":{"rendered":"Elim\u0259 Qals\u0131n, G\u00fcn\u00fcm\u0259 Qalmas\u0131n"},"content":{"rendered":"<p>&#8220;elim\u0259 qals\u0131n, g\u00fcn\u00fcm\u0259 qalmas\u0131n&#8221; atalar s\u00f6z\u00fcn\u00fcn m\u0259nas\u0131, bir i\u015fin, m\u0259suliyy\u0259tin v\u0259 ya y\u00fck\u00fcn ba\u015fqas\u0131na verilm\u0259sinin, onunla ba\u011fl\u0131 narahatl\u0131\u011f\u0131n aradan qald\u0131r\u0131lmas\u0131n\u0131n ist\u0259nildiyini ifad\u0259 edir. Bu atalar s\u00f6z\u00fc, insan\u0131n \u00f6z i\u015fini ba\u015fqas\u0131na y\u00fckl\u0259m\u0259k ist\u0259diyini, \u00f6z\u00fcn\u00fc m\u0259suliyy\u0259td\u0259n azad etm\u0259k arzusunu bildirir. H\u0259m\u00e7inin, bu ifad\u0259, bir \u015feyin ba\u015fqas\u0131n\u0131n \u00fcz\u0259rin\u0259 d\u00fc\u015fm\u0259sini, y\u0259ni ba\u015fqas\u0131n\u0131n m\u0259suliyy\u0259tini \u00f6z \u00fcz\u0259rin\u0259 g\u00f6t\u00fcrm\u0259sini ist\u0259diyini d\u0259 vur\u011fulay\u0131r.<\/p>\n<p><b>Q\u0131sa M\u0259nas\u0131<\/b><br \/> \u00d6z i\u015fini ba\u015fqas\u0131na y\u00fckl\u0259m\u0259k, m\u0259suliyy\u0259td\u0259n qa\u00e7maq ist\u0259yi.<\/p>\n","protected":false},"excerpt":{"rendered":"<p>&#8220;elim\u0259 qals\u0131n, g\u00fcn\u00fcm\u0259 qalmas\u0131n&#8221; atalar s\u00f6z\u00fcn\u00fcn m\u0259nas\u0131, bir i\u015fin, m\u0259suliyy\u0259tin v\u0259 ya y\u00fck\u00fcn ba\u015fqas\u0131na verilm\u0259sinin, onunla ba\u011fl\u0131 narahatl\u0131\u011f\u0131n aradan qald\u0131r\u0131lmas\u0131n\u0131n ist\u0259nildiyini ifad\u0259 edir. Bu atalar s\u00f6z\u00fc, insan\u0131n \u00f6z i\u015fini ba\u015fqas\u0131na y\u00fckl\u0259m\u0259k ist\u0259diyini, \u00f6z\u00fcn\u00fc m\u0259suliyy\u0259td\u0259n azad etm\u0259k arzusunu bildirir. H\u0259m\u00e7inin, bu ifad\u0259, bir \u015feyin ba\u015fqas\u0131n\u0131n \u00fcz\u0259rin\u0259 d\u00fc\u015fm\u0259sini, y\u0259ni ba\u015fqas\u0131n\u0131n m\u0259suliyy\u0259tini \u00f6z \u00fcz\u0259rin\u0259 g\u00f6t\u00fcrm\u0259sini ist\u0259diyini d\u0259 vur\u011fulay\u0131r. &#8230; <a title=\"Elim\u0259 Qals\u0131n, G\u00fcn\u00fcm\u0259 Qalmas\u0131n\" class=\"read-more\" href=\"https:\/\/nedir.az\/atalar-sozleri\/elime-qalsin-gunume-qalmasin-atalar-sozunun-menasi-nedir\" aria-label=\"Read more about Elim\u0259 Qals\u0131n, G\u00fcn\u00fcm\u0259 Qalmas\u0131n\">Read more<\/a><\/p>\n","protected":false},"author":2,"featured_media":0,"comment_status":"open","ping_status":"open","sticky":false,"template":"","format":"standard","meta":{"footnotes":""},"categories":[1],"tags":[],"class_list":["post-6362","post","type-post","status-publish","format-standard","hentry","category-atalar-sozleri-atalar-sozu"],"aioseo_notices":[],"_links":{"self":[{"href":"https:\/\/nedir.az\/atalar-sozleri\/wp-json\/wp\/v2\/posts\/6362","targetHints":{"allow":["GET"]}}],"collection":[{"href":"https:\/\/nedir.az\/atalar-sozleri\/wp-json\/wp\/v2\/posts"}],"about":[{"href":"https:\/\/nedir.az\/atalar-sozleri\/wp-json\/wp\/v2\/types\/post"}],"author":[{"embeddable":true,"href":"https:\/\/nedir.az\/atalar-sozleri\/wp-json\/wp\/v2\/users\/2"}],"replies":[{"embeddable":true,"href":"https:\/\/nedir.az\/atalar-sozleri\/wp-json\/wp\/v2\/comments?post=6362"}],"version-history":[{"count":0,"href":"https:\/\/nedir.az\/atalar-sozleri\/wp-json\/wp\/v2\/posts\/6362\/revisions"}],"wp:attachment":[{"href":"https:\/\/nedir.az\/atalar-sozleri\/wp-json\/wp\/v2\/media?parent=6362"}],"wp:term":[{"taxonomy":"category","embeddable":true,"href":"https:\/\/nedir.az\/atalar-sozleri\/wp-json\/wp\/v2\/categories?post=6362"},{"taxonomy":"post_tag","embeddable":true,"href":"https:\/\/nedir.az\/atalar-sozleri\/wp-json\/wp\/v2\/tags?post=6362"}],"curies":[{"name":"wp","href":"https:\/\/api.w.org\/{rel}","templated":true}]}}