{"id":6361,"date":"2024-09-06T21:34:17","date_gmt":"2024-09-06T21:34:17","guid":{"rendered":""},"modified":"-0001-11-30T00:00:00","modified_gmt":"-0001-11-29T21:00:00","slug":"eli-olmayanin-dili-de-olmaz","status":"publish","type":"post","link":"https:\/\/nedir.az\/atalar-sozleri\/eli-olmayanin-dili-de-olmaz-atalar-sozunun-menasi-nedir","title":{"rendered":"Eli Olmayan\u0131n Dili d\u0259 Olmaz"},"content":{"rendered":"<p>&#8220;eli olmayan\u0131n dili d\u0259 olmaz&#8221; atalar s\u00f6z\u00fcn\u00fcn m\u0259nas\u0131, bir insan\u0131n bir \u015fey\u0259 sahib olmadan, o \u015feyin d\u0259y\u0259rini v\u0259 ya \u0259h\u0259miyy\u0259tini ba\u015fa d\u00fc\u015fm\u0259sinin \u00e7\u0259tin oldu\u011funu ifad\u0259 edir. Bu atalar s\u00f6z\u00fc, bir \u015feyin d\u0259y\u0259rini anlamaq \u00fc\u00e7\u00fcn o \u015feyl\u0259 birba\u015fa t\u0259masda olma\u011f\u0131n vacibliyini vur\u011fulay\u0131r. Y\u0259ni, bir insan\u0131n bir \u015feyin \u0259h\u0259miyy\u0259tini d\u0259rk etm\u0259si \u00fc\u00e7\u00fcn o \u015feyl\u0259 m\u00fc\u0259yy\u0259n bir \u0259laq\u0259si olmal\u0131d\u0131r. Bu, h\u0259m maddi, h\u0259m d\u0259 m\u0259n\u0259vi d\u0259y\u0259rl\u0259r \u00fc\u00e7\u00fcn ke\u00e7\u0259rlidir.<\/p>\n<p><b>Q\u0131sa M\u0259nas\u0131<\/b><br \/> \u0130nsan bir \u015fey\u0259 sahib olmadan onun d\u0259y\u0259rini ba\u015fa d\u00fc\u015f\u0259 bilm\u0259z.<\/p>\n","protected":false},"excerpt":{"rendered":"<p>&#8220;eli olmayan\u0131n dili d\u0259 olmaz&#8221; atalar s\u00f6z\u00fcn\u00fcn m\u0259nas\u0131, bir insan\u0131n bir \u015fey\u0259 sahib olmadan, o \u015feyin d\u0259y\u0259rini v\u0259 ya \u0259h\u0259miyy\u0259tini ba\u015fa d\u00fc\u015fm\u0259sinin \u00e7\u0259tin oldu\u011funu ifad\u0259 edir. Bu atalar s\u00f6z\u00fc, bir \u015feyin d\u0259y\u0259rini anlamaq \u00fc\u00e7\u00fcn o \u015feyl\u0259 birba\u015fa t\u0259masda olma\u011f\u0131n vacibliyini vur\u011fulay\u0131r. Y\u0259ni, bir insan\u0131n bir \u015feyin \u0259h\u0259miyy\u0259tini d\u0259rk etm\u0259si \u00fc\u00e7\u00fcn o \u015feyl\u0259 m\u00fc\u0259yy\u0259n bir \u0259laq\u0259si &#8230; <a title=\"Eli Olmayan\u0131n Dili d\u0259 Olmaz\" class=\"read-more\" href=\"https:\/\/nedir.az\/atalar-sozleri\/eli-olmayanin-dili-de-olmaz-atalar-sozunun-menasi-nedir\" aria-label=\"Read more about Eli Olmayan\u0131n Dili d\u0259 Olmaz\">Read more<\/a><\/p>\n","protected":false},"author":2,"featured_media":0,"comment_status":"open","ping_status":"open","sticky":false,"template":"","format":"standard","meta":{"footnotes":""},"categories":[1],"tags":[],"class_list":["post-6361","post","type-post","status-publish","format-standard","hentry","category-atalar-sozleri-atalar-sozu"],"aioseo_notices":[],"_links":{"self":[{"href":"https:\/\/nedir.az\/atalar-sozleri\/wp-json\/wp\/v2\/posts\/6361","targetHints":{"allow":["GET"]}}],"collection":[{"href":"https:\/\/nedir.az\/atalar-sozleri\/wp-json\/wp\/v2\/posts"}],"about":[{"href":"https:\/\/nedir.az\/atalar-sozleri\/wp-json\/wp\/v2\/types\/post"}],"author":[{"embeddable":true,"href":"https:\/\/nedir.az\/atalar-sozleri\/wp-json\/wp\/v2\/users\/2"}],"replies":[{"embeddable":true,"href":"https:\/\/nedir.az\/atalar-sozleri\/wp-json\/wp\/v2\/comments?post=6361"}],"version-history":[{"count":0,"href":"https:\/\/nedir.az\/atalar-sozleri\/wp-json\/wp\/v2\/posts\/6361\/revisions"}],"wp:attachment":[{"href":"https:\/\/nedir.az\/atalar-sozleri\/wp-json\/wp\/v2\/media?parent=6361"}],"wp:term":[{"taxonomy":"category","embeddable":true,"href":"https:\/\/nedir.az\/atalar-sozleri\/wp-json\/wp\/v2\/categories?post=6361"},{"taxonomy":"post_tag","embeddable":true,"href":"https:\/\/nedir.az\/atalar-sozleri\/wp-json\/wp\/v2\/tags?post=6361"}],"curies":[{"name":"wp","href":"https:\/\/api.w.org\/{rel}","templated":true}]}}