{"id":6358,"date":"2024-09-06T21:34:17","date_gmt":"2024-09-06T21:34:17","guid":{"rendered":""},"modified":"-0001-11-30T00:00:00","modified_gmt":"-0001-11-29T21:00:00","slug":"ele-yerde-ev-salmisam-ki-yixilanda-vay-deyim","status":"publish","type":"post","link":"https:\/\/nedir.az\/atalar-sozleri\/ele-yerde-ev-salmisam-ki-yixilanda-vay-deyim-atalar-sozunun-menasi-nedir","title":{"rendered":"El\u0259 Yerd\u0259 Ev Salm\u0131\u015fam Ki, Y\u0131x\u0131landa Vay Deyim"},"content":{"rendered":"<p>&#8220;El\u0259 yerd\u0259 ev salm\u0131\u015fam ki, y\u0131x\u0131landa vay deyim&#8221; atalar s\u00f6z\u00fc, insan\u0131n \u00f6z\u00fcn\u00fc \u00e7\u0259tin bir v\u0259ziyy\u0259td\u0259 tapd\u0131\u011f\u0131n\u0131 v\u0259 bu v\u0259ziyy\u0259tin n\u0259tic\u0259l\u0259rinin a\u011f\u0131r olaca\u011f\u0131n\u0131 ifad\u0259 edir. Bu s\u00f6z, bir insan\u0131n \u00f6z se\u00e7iml\u0259rinin v\u0259 q\u0259rarlar\u0131n\u0131n n\u0259tic\u0259l\u0259rini d\u00fc\u015f\u00fcnm\u0259d\u0259n, riskli bir yola girm\u0259sinin n\u0259tic\u0259sind\u0259 ba\u015f\u0131na g\u0259l\u0259n \u00e7\u0259tinlikl\u0259ri vur\u011fulay\u0131r. Y\u0259ni, insan\u0131n \u00f6z h\u0259yat\u0131nda etdiyi s\u0259hvl\u0259rin, d\u00fc\u015f\u00fcnm\u0259d\u0259n atd\u0131\u011f\u0131 add\u0131mlar\u0131n ona nec\u0259 a\u011f\u0131r n\u0259tic\u0259l\u0259r ver\u0259 bil\u0259c\u0259yini g\u00f6st\u0259rir.<\/p>\n<p><b>Q\u0131sa M\u0259nas\u0131<\/b><br \/>Bu atalar s\u00f6z\u00fc, d\u00fc\u015f\u00fcn\u00fclm\u0259mi\u015f q\u0259rarlar\u0131n \u00e7\u0259tin n\u0259tic\u0259l\u0259r do\u011fura bil\u0259c\u0259yini ifad\u0259 edir.<\/p>\n","protected":false},"excerpt":{"rendered":"<p>&#8220;El\u0259 yerd\u0259 ev salm\u0131\u015fam ki, y\u0131x\u0131landa vay deyim&#8221; atalar s\u00f6z\u00fc, insan\u0131n \u00f6z\u00fcn\u00fc \u00e7\u0259tin bir v\u0259ziyy\u0259td\u0259 tapd\u0131\u011f\u0131n\u0131 v\u0259 bu v\u0259ziyy\u0259tin n\u0259tic\u0259l\u0259rinin a\u011f\u0131r olaca\u011f\u0131n\u0131 ifad\u0259 edir. Bu s\u00f6z, bir insan\u0131n \u00f6z se\u00e7iml\u0259rinin v\u0259 q\u0259rarlar\u0131n\u0131n n\u0259tic\u0259l\u0259rini d\u00fc\u015f\u00fcnm\u0259d\u0259n, riskli bir yola girm\u0259sinin n\u0259tic\u0259sind\u0259 ba\u015f\u0131na g\u0259l\u0259n \u00e7\u0259tinlikl\u0259ri vur\u011fulay\u0131r. Y\u0259ni, insan\u0131n \u00f6z h\u0259yat\u0131nda etdiyi s\u0259hvl\u0259rin, d\u00fc\u015f\u00fcnm\u0259d\u0259n atd\u0131\u011f\u0131 add\u0131mlar\u0131n ona nec\u0259 a\u011f\u0131r &#8230; <a title=\"El\u0259 Yerd\u0259 Ev Salm\u0131\u015fam Ki, Y\u0131x\u0131landa Vay Deyim\" class=\"read-more\" href=\"https:\/\/nedir.az\/atalar-sozleri\/ele-yerde-ev-salmisam-ki-yixilanda-vay-deyim-atalar-sozunun-menasi-nedir\" aria-label=\"Read more about El\u0259 Yerd\u0259 Ev Salm\u0131\u015fam Ki, Y\u0131x\u0131landa Vay Deyim\">Read more<\/a><\/p>\n","protected":false},"author":2,"featured_media":0,"comment_status":"open","ping_status":"open","sticky":false,"template":"","format":"standard","meta":{"footnotes":""},"categories":[1],"tags":[],"class_list":["post-6358","post","type-post","status-publish","format-standard","hentry","category-atalar-sozleri-atalar-sozu"],"aioseo_notices":[],"_links":{"self":[{"href":"https:\/\/nedir.az\/atalar-sozleri\/wp-json\/wp\/v2\/posts\/6358","targetHints":{"allow":["GET"]}}],"collection":[{"href":"https:\/\/nedir.az\/atalar-sozleri\/wp-json\/wp\/v2\/posts"}],"about":[{"href":"https:\/\/nedir.az\/atalar-sozleri\/wp-json\/wp\/v2\/types\/post"}],"author":[{"embeddable":true,"href":"https:\/\/nedir.az\/atalar-sozleri\/wp-json\/wp\/v2\/users\/2"}],"replies":[{"embeddable":true,"href":"https:\/\/nedir.az\/atalar-sozleri\/wp-json\/wp\/v2\/comments?post=6358"}],"version-history":[{"count":0,"href":"https:\/\/nedir.az\/atalar-sozleri\/wp-json\/wp\/v2\/posts\/6358\/revisions"}],"wp:attachment":[{"href":"https:\/\/nedir.az\/atalar-sozleri\/wp-json\/wp\/v2\/media?parent=6358"}],"wp:term":[{"taxonomy":"category","embeddable":true,"href":"https:\/\/nedir.az\/atalar-sozleri\/wp-json\/wp\/v2\/categories?post=6358"},{"taxonomy":"post_tag","embeddable":true,"href":"https:\/\/nedir.az\/atalar-sozleri\/wp-json\/wp\/v2\/tags?post=6358"}],"curies":[{"name":"wp","href":"https:\/\/api.w.org\/{rel}","templated":true}]}}