{"id":6352,"date":"2024-09-06T21:34:17","date_gmt":"2024-09-06T21:34:17","guid":{"rendered":""},"modified":"-0001-11-30T00:00:00","modified_gmt":"-0001-11-29T21:00:00","slug":"ele-qazanin-bele-de-asi-olar","status":"publish","type":"post","link":"https:\/\/nedir.az\/atalar-sozleri\/ele-qazanin-bele-de-asi-olar-atalar-sozunun-menasi-nedir","title":{"rendered":"El\u0259 Qazan\u0131n Bel\u0259 d\u0259 A\u015f\u0131 Olar"},"content":{"rendered":"<p>&#8220;El\u0259 qazan\u0131n bel\u0259 d\u0259 a\u015f\u0131 olar&#8221; atalar s\u00f6z\u00fc, insan\u0131n etdiyi i\u015fin n\u0259tic\u0259sinin, onun \u00f6z davran\u0131\u015flar\u0131 v\u0259 \u0259m\u0259ll\u0259ri il\u0259 birba\u015fa ba\u011fl\u0131 oldu\u011funu ifad\u0259 edir. Y\u0259ni, insan\u0131n m\u00fcsb\u0259t v\u0259 ya m\u0259nfi davran\u0131\u015flar\u0131, onun g\u0259l\u0259c\u0259kd\u0259ki u\u011furlar\u0131n\u0131 v\u0259 ya u\u011fursuzluqlar\u0131n\u0131 m\u00fc\u0259yy\u0259n edir. Bu atalar s\u00f6z\u00fc, insanlara \u00f6z \u0259m\u0259ll\u0259rin\u0259 diqq\u0259t yetirm\u0259yi v\u0259 n\u0259tic\u0259l\u0259rini d\u00fc\u015f\u00fcnm\u0259yi t\u00f6vsiy\u0259 edir. <\/p>\n<p><b>Q\u0131sa M\u0259nas\u0131<\/b><br \/> \u0130nsanlar\u0131n davran\u0131\u015flar\u0131, onlar\u0131n g\u0259l\u0259c\u0259kd\u0259ki u\u011furlar\u0131n\u0131 v\u0259 ya u\u011fursuzluqlar\u0131n\u0131 m\u00fc\u0259yy\u0259n edir.<\/p>\n","protected":false},"excerpt":{"rendered":"<p>&#8220;El\u0259 qazan\u0131n bel\u0259 d\u0259 a\u015f\u0131 olar&#8221; atalar s\u00f6z\u00fc, insan\u0131n etdiyi i\u015fin n\u0259tic\u0259sinin, onun \u00f6z davran\u0131\u015flar\u0131 v\u0259 \u0259m\u0259ll\u0259ri il\u0259 birba\u015fa ba\u011fl\u0131 oldu\u011funu ifad\u0259 edir. Y\u0259ni, insan\u0131n m\u00fcsb\u0259t v\u0259 ya m\u0259nfi davran\u0131\u015flar\u0131, onun g\u0259l\u0259c\u0259kd\u0259ki u\u011furlar\u0131n\u0131 v\u0259 ya u\u011fursuzluqlar\u0131n\u0131 m\u00fc\u0259yy\u0259n edir. Bu atalar s\u00f6z\u00fc, insanlara \u00f6z \u0259m\u0259ll\u0259rin\u0259 diqq\u0259t yetirm\u0259yi v\u0259 n\u0259tic\u0259l\u0259rini d\u00fc\u015f\u00fcnm\u0259yi t\u00f6vsiy\u0259 edir. Q\u0131sa M\u0259nas\u0131 \u0130nsanlar\u0131n davran\u0131\u015flar\u0131, &#8230; <a title=\"El\u0259 Qazan\u0131n Bel\u0259 d\u0259 A\u015f\u0131 Olar\" class=\"read-more\" href=\"https:\/\/nedir.az\/atalar-sozleri\/ele-qazanin-bele-de-asi-olar-atalar-sozunun-menasi-nedir\" aria-label=\"Read more about El\u0259 Qazan\u0131n Bel\u0259 d\u0259 A\u015f\u0131 Olar\">Read more<\/a><\/p>\n","protected":false},"author":2,"featured_media":0,"comment_status":"open","ping_status":"open","sticky":false,"template":"","format":"standard","meta":{"footnotes":""},"categories":[1],"tags":[],"class_list":["post-6352","post","type-post","status-publish","format-standard","hentry","category-atalar-sozleri-atalar-sozu"],"aioseo_notices":[],"_links":{"self":[{"href":"https:\/\/nedir.az\/atalar-sozleri\/wp-json\/wp\/v2\/posts\/6352","targetHints":{"allow":["GET"]}}],"collection":[{"href":"https:\/\/nedir.az\/atalar-sozleri\/wp-json\/wp\/v2\/posts"}],"about":[{"href":"https:\/\/nedir.az\/atalar-sozleri\/wp-json\/wp\/v2\/types\/post"}],"author":[{"embeddable":true,"href":"https:\/\/nedir.az\/atalar-sozleri\/wp-json\/wp\/v2\/users\/2"}],"replies":[{"embeddable":true,"href":"https:\/\/nedir.az\/atalar-sozleri\/wp-json\/wp\/v2\/comments?post=6352"}],"version-history":[{"count":0,"href":"https:\/\/nedir.az\/atalar-sozleri\/wp-json\/wp\/v2\/posts\/6352\/revisions"}],"wp:attachment":[{"href":"https:\/\/nedir.az\/atalar-sozleri\/wp-json\/wp\/v2\/media?parent=6352"}],"wp:term":[{"taxonomy":"category","embeddable":true,"href":"https:\/\/nedir.az\/atalar-sozleri\/wp-json\/wp\/v2\/categories?post=6352"},{"taxonomy":"post_tag","embeddable":true,"href":"https:\/\/nedir.az\/atalar-sozleri\/wp-json\/wp\/v2\/tags?post=6352"}],"curies":[{"name":"wp","href":"https:\/\/api.w.org\/{rel}","templated":true}]}}