{"id":6351,"date":"2024-09-06T21:34:17","date_gmt":"2024-09-06T21:34:17","guid":{"rendered":""},"modified":"-0001-11-30T00:00:00","modified_gmt":"-0001-11-29T21:00:00","slug":"ele-qazana-bele-cugundur-gerek","status":"publish","type":"post","link":"https:\/\/nedir.az\/atalar-sozleri\/ele-qazana-bele-cugundur-gerek-atalar-sozunun-menasi-nedir","title":{"rendered":"El\u0259 Qazana Bel\u0259 \u00c7u\u011fundur G\u0259r\u0259k"},"content":{"rendered":"<p>&#8220;el\u0259 qazana bel\u0259 \u00e7u\u011fundur g\u0259r\u0259k&#8221; atalar s\u00f6z\u00fc, insan\u0131n \u0259ld\u0259 etdiyi n\u0259tic\u0259l\u0259rin, onun s\u0259rf etdiyi z\u0259hm\u0259t v\u0259 \u00e7al\u0131\u015fman\u0131n birba\u015fa n\u0259tic\u0259si oldu\u011funu ifad\u0259 edir. Y\u0259ni, bir insan\u0131n u\u011fur qazanmas\u0131 \u00fc\u00e7\u00fcn \u0259vv\u0259lc\u0259 \u00e7al\u0131\u015fmal\u0131, z\u0259hm\u0259t \u00e7\u0259km\u0259lidir. Bu atalar s\u00f6z\u00fc, insanlar\u0131n \u00f6z m\u0259qs\u0259dl\u0259rin\u0259 \u00e7atmaq \u00fc\u00e7\u00fcn m\u00fctl\u0259q \u0259m\u0259kl\u0259rinin olmas\u0131 laz\u0131m oldu\u011funu vur\u011fulay\u0131r. H\u0259r hans\u0131 bir i\u015fd\u0259 m\u00fcv\u0259ff\u0259qiyy\u0259t qazanmaq ist\u0259y\u0259n \u015f\u0259xs, o i\u015f\u0259 ciddi yana\u015fmal\u0131, \u00e7al\u0131\u015fmal\u0131 v\u0259 \u0259ziyy\u0259t \u00e7\u0259km\u0259lidir.<\/p>\n<p><b>Q\u0131sa M\u0259nas\u0131<\/b><br \/> <br \/>\nZ\u0259hm\u0259t \u00e7\u0259km\u0259d\u0259n u\u011fur qazanmaq m\u00fcmk\u00fcn deyil.<\/p>\n","protected":false},"excerpt":{"rendered":"<p>&#8220;el\u0259 qazana bel\u0259 \u00e7u\u011fundur g\u0259r\u0259k&#8221; atalar s\u00f6z\u00fc, insan\u0131n \u0259ld\u0259 etdiyi n\u0259tic\u0259l\u0259rin, onun s\u0259rf etdiyi z\u0259hm\u0259t v\u0259 \u00e7al\u0131\u015fman\u0131n birba\u015fa n\u0259tic\u0259si oldu\u011funu ifad\u0259 edir. Y\u0259ni, bir insan\u0131n u\u011fur qazanmas\u0131 \u00fc\u00e7\u00fcn \u0259vv\u0259lc\u0259 \u00e7al\u0131\u015fmal\u0131, z\u0259hm\u0259t \u00e7\u0259km\u0259lidir. Bu atalar s\u00f6z\u00fc, insanlar\u0131n \u00f6z m\u0259qs\u0259dl\u0259rin\u0259 \u00e7atmaq \u00fc\u00e7\u00fcn m\u00fctl\u0259q \u0259m\u0259kl\u0259rinin olmas\u0131 laz\u0131m oldu\u011funu vur\u011fulay\u0131r. H\u0259r hans\u0131 bir i\u015fd\u0259 m\u00fcv\u0259ff\u0259qiyy\u0259t qazanmaq ist\u0259y\u0259n \u015f\u0259xs, o &#8230; <a title=\"El\u0259 Qazana Bel\u0259 \u00c7u\u011fundur G\u0259r\u0259k\" class=\"read-more\" href=\"https:\/\/nedir.az\/atalar-sozleri\/ele-qazana-bele-cugundur-gerek-atalar-sozunun-menasi-nedir\" aria-label=\"Read more about El\u0259 Qazana Bel\u0259 \u00c7u\u011fundur G\u0259r\u0259k\">Read more<\/a><\/p>\n","protected":false},"author":2,"featured_media":0,"comment_status":"open","ping_status":"open","sticky":false,"template":"","format":"standard","meta":{"footnotes":""},"categories":[1],"tags":[],"class_list":["post-6351","post","type-post","status-publish","format-standard","hentry","category-atalar-sozleri-atalar-sozu"],"aioseo_notices":[],"_links":{"self":[{"href":"https:\/\/nedir.az\/atalar-sozleri\/wp-json\/wp\/v2\/posts\/6351","targetHints":{"allow":["GET"]}}],"collection":[{"href":"https:\/\/nedir.az\/atalar-sozleri\/wp-json\/wp\/v2\/posts"}],"about":[{"href":"https:\/\/nedir.az\/atalar-sozleri\/wp-json\/wp\/v2\/types\/post"}],"author":[{"embeddable":true,"href":"https:\/\/nedir.az\/atalar-sozleri\/wp-json\/wp\/v2\/users\/2"}],"replies":[{"embeddable":true,"href":"https:\/\/nedir.az\/atalar-sozleri\/wp-json\/wp\/v2\/comments?post=6351"}],"version-history":[{"count":0,"href":"https:\/\/nedir.az\/atalar-sozleri\/wp-json\/wp\/v2\/posts\/6351\/revisions"}],"wp:attachment":[{"href":"https:\/\/nedir.az\/atalar-sozleri\/wp-json\/wp\/v2\/media?parent=6351"}],"wp:term":[{"taxonomy":"category","embeddable":true,"href":"https:\/\/nedir.az\/atalar-sozleri\/wp-json\/wp\/v2\/categories?post=6351"},{"taxonomy":"post_tag","embeddable":true,"href":"https:\/\/nedir.az\/atalar-sozleri\/wp-json\/wp\/v2\/tags?post=6351"}],"curies":[{"name":"wp","href":"https:\/\/api.w.org\/{rel}","templated":true}]}}