{"id":6350,"date":"2024-09-06T21:34:17","date_gmt":"2024-09-06T21:34:17","guid":{"rendered":""},"modified":"-0001-11-30T00:00:00","modified_gmt":"-0001-11-29T21:00:00","slug":"ele-koc-kocune-dana-buzov-qarismasin","status":"publish","type":"post","link":"https:\/\/nedir.az\/atalar-sozleri\/ele-koc-kocune-dana-buzov-qarismasin-atalar-sozunun-menasi-nedir","title":{"rendered":"El\u0259 K\u00f6\u00e7, K\u00f6\u00e7\u00fcn\u0259 Dana-buzov Qar\u0131\u015fmas\u0131n"},"content":{"rendered":"<p>&#8220;el\u0259 k\u00f6\u00e7, k\u00f6\u00e7\u00fcn\u0259 dana-buzov qar\u0131\u015fmas\u0131n&#8221; atalar s\u00f6z\u00fcn\u00fcn m\u0259nas\u0131, bir i\u015fin d\u00fczg\u00fcn v\u0259 planl\u0131 \u015f\u0259kild\u0259 h\u0259yata ke\u00e7irilm\u0259sinin vacibliyini vur\u011fulay\u0131r. Bu atalar s\u00f6z\u00fc, insanlar\u0131n k\u00f6\u00e7 etm\u0259, y\u0259ni bir yerd\u0259n ba\u015fqa bir yer\u0259 ke\u00e7m\u0259 prosesind\u0259 diqq\u0259tli olmalar\u0131n\u0131, qar\u0131\u015f\u0131ql\u0131q yaratmadan, h\u0259r \u015feyi \u00f6z yerind\u0259 v\u0259 qaydas\u0131nda etm\u0259l\u0259rinin z\u0259ruriliyini bildirir. H\u0259m\u00e7inin, bu ifad\u0259, i\u015fl\u0259rin d\u00fczg\u00fcn apar\u0131lmas\u0131n\u0131n, n\u0259tic\u0259l\u0259rin daha m\u00fcsb\u0259t olaca\u011f\u0131n\u0131 da g\u00f6st\u0259rir.<\/p>\n<p><b>Q\u0131sa M\u0259nas\u0131<\/b><br \/> \u0130\u015fl\u0259rin d\u00fczg\u00fcn v\u0259 planl\u0131 apar\u0131lmas\u0131n\u0131n vacibliyi.<\/p>\n","protected":false},"excerpt":{"rendered":"<p>&#8220;el\u0259 k\u00f6\u00e7, k\u00f6\u00e7\u00fcn\u0259 dana-buzov qar\u0131\u015fmas\u0131n&#8221; atalar s\u00f6z\u00fcn\u00fcn m\u0259nas\u0131, bir i\u015fin d\u00fczg\u00fcn v\u0259 planl\u0131 \u015f\u0259kild\u0259 h\u0259yata ke\u00e7irilm\u0259sinin vacibliyini vur\u011fulay\u0131r. Bu atalar s\u00f6z\u00fc, insanlar\u0131n k\u00f6\u00e7 etm\u0259, y\u0259ni bir yerd\u0259n ba\u015fqa bir yer\u0259 ke\u00e7m\u0259 prosesind\u0259 diqq\u0259tli olmalar\u0131n\u0131, qar\u0131\u015f\u0131ql\u0131q yaratmadan, h\u0259r \u015feyi \u00f6z yerind\u0259 v\u0259 qaydas\u0131nda etm\u0259l\u0259rinin z\u0259ruriliyini bildirir. H\u0259m\u00e7inin, bu ifad\u0259, i\u015fl\u0259rin d\u00fczg\u00fcn apar\u0131lmas\u0131n\u0131n, n\u0259tic\u0259l\u0259rin daha m\u00fcsb\u0259t olaca\u011f\u0131n\u0131 &#8230; <a title=\"El\u0259 K\u00f6\u00e7, K\u00f6\u00e7\u00fcn\u0259 Dana-buzov Qar\u0131\u015fmas\u0131n\" class=\"read-more\" href=\"https:\/\/nedir.az\/atalar-sozleri\/ele-koc-kocune-dana-buzov-qarismasin-atalar-sozunun-menasi-nedir\" aria-label=\"Read more about El\u0259 K\u00f6\u00e7, K\u00f6\u00e7\u00fcn\u0259 Dana-buzov Qar\u0131\u015fmas\u0131n\">Read more<\/a><\/p>\n","protected":false},"author":2,"featured_media":0,"comment_status":"open","ping_status":"open","sticky":false,"template":"","format":"standard","meta":{"footnotes":""},"categories":[1],"tags":[],"class_list":["post-6350","post","type-post","status-publish","format-standard","hentry","category-atalar-sozleri-atalar-sozu"],"aioseo_notices":[],"_links":{"self":[{"href":"https:\/\/nedir.az\/atalar-sozleri\/wp-json\/wp\/v2\/posts\/6350","targetHints":{"allow":["GET"]}}],"collection":[{"href":"https:\/\/nedir.az\/atalar-sozleri\/wp-json\/wp\/v2\/posts"}],"about":[{"href":"https:\/\/nedir.az\/atalar-sozleri\/wp-json\/wp\/v2\/types\/post"}],"author":[{"embeddable":true,"href":"https:\/\/nedir.az\/atalar-sozleri\/wp-json\/wp\/v2\/users\/2"}],"replies":[{"embeddable":true,"href":"https:\/\/nedir.az\/atalar-sozleri\/wp-json\/wp\/v2\/comments?post=6350"}],"version-history":[{"count":0,"href":"https:\/\/nedir.az\/atalar-sozleri\/wp-json\/wp\/v2\/posts\/6350\/revisions"}],"wp:attachment":[{"href":"https:\/\/nedir.az\/atalar-sozleri\/wp-json\/wp\/v2\/media?parent=6350"}],"wp:term":[{"taxonomy":"category","embeddable":true,"href":"https:\/\/nedir.az\/atalar-sozleri\/wp-json\/wp\/v2\/categories?post=6350"},{"taxonomy":"post_tag","embeddable":true,"href":"https:\/\/nedir.az\/atalar-sozleri\/wp-json\/wp\/v2\/tags?post=6350"}],"curies":[{"name":"wp","href":"https:\/\/api.w.org\/{rel}","templated":true}]}}