{"id":6345,"date":"2024-09-06T21:34:17","date_gmt":"2024-09-06T21:34:17","guid":{"rendered":""},"modified":"-0001-11-30T00:00:00","modified_gmt":"-0001-11-29T21:00:00","slug":"ele-geden-elibos-qayitmaz","status":"publish","type":"post","link":"https:\/\/nedir.az\/atalar-sozleri\/ele-geden-elibos-qayitmaz-atalar-sozunun-menasi-nedir","title":{"rendered":"El\u0259 Ged\u0259n \u018flibo\u015f Qay\u0131tmaz"},"content":{"rendered":"<p>&#8220;el\u0259 ged\u0259n \u0259libo\u015f qay\u0131tmaz&#8221; atalar s\u00f6z\u00fcn\u00fcn m\u0259nas\u0131, bir i\u015f\u0259 ba\u015flamaq \u00fc\u00e7\u00fcn m\u00fctl\u0259q m\u00fc\u0259yy\u0259n bir haz\u0131rl\u0131q v\u0259 ya resurslar\u0131n olmas\u0131 laz\u0131m oldu\u011funu vur\u011fulay\u0131r. Bu atalar s\u00f6z\u00fc, bir insan\u0131n bir i\u015f\u0259 giri\u015fdiyi zaman, o i\u015fin n\u0259tic\u0259sini \u0259ld\u0259 etm\u0259k \u00fc\u00e7\u00fcn \u0259vv\u0259lc\u0259d\u0259n haz\u0131rl\u0131q etm\u0259sinin vacibliyini ifad\u0259 edir. Y\u0259ni, \u0259g\u0259r bir insan bir \u015fey\u0259 ba\u015flasa, onun n\u0259tic\u0259sini \u0259ld\u0259 etm\u0259k \u00fc\u00e7\u00fcn m\u00fctl\u0259q bir \u015feyl\u0259 geri d\u00f6nm\u0259lidir. Bu, h\u0259m d\u0259 insanlar\u0131n \u0259m\u0259kl\u0259rinin qar\u015f\u0131l\u0131\u011f\u0131n\u0131 alacaqlar\u0131n\u0131, \u0259g\u0259r d\u00fczg\u00fcn v\u0259 m\u0259qs\u0259dli bir \u015f\u0259kild\u0259 \u00e7al\u0131\u015fsalar, i\u015fl\u0259rinin m\u00fcsb\u0259t n\u0259tic\u0259l\u0259r ver\u0259c\u0259yini g\u00f6st\u0259rir.<\/p>\n<p><b>Q\u0131sa M\u0259nas\u0131<\/b><br \/> \u0130\u015f\u0259 haz\u0131rl\u0131qs\u0131z ba\u015flayan insan, geri d\u00f6n\u0259rk\u0259n \u0259libo\u015f qay\u0131dar.<\/p>\n","protected":false},"excerpt":{"rendered":"<p>&#8220;el\u0259 ged\u0259n \u0259libo\u015f qay\u0131tmaz&#8221; atalar s\u00f6z\u00fcn\u00fcn m\u0259nas\u0131, bir i\u015f\u0259 ba\u015flamaq \u00fc\u00e7\u00fcn m\u00fctl\u0259q m\u00fc\u0259yy\u0259n bir haz\u0131rl\u0131q v\u0259 ya resurslar\u0131n olmas\u0131 laz\u0131m oldu\u011funu vur\u011fulay\u0131r. Bu atalar s\u00f6z\u00fc, bir insan\u0131n bir i\u015f\u0259 giri\u015fdiyi zaman, o i\u015fin n\u0259tic\u0259sini \u0259ld\u0259 etm\u0259k \u00fc\u00e7\u00fcn \u0259vv\u0259lc\u0259d\u0259n haz\u0131rl\u0131q etm\u0259sinin vacibliyini ifad\u0259 edir. Y\u0259ni, \u0259g\u0259r bir insan bir \u015fey\u0259 ba\u015flasa, onun n\u0259tic\u0259sini \u0259ld\u0259 etm\u0259k \u00fc\u00e7\u00fcn &#8230; <a title=\"El\u0259 Ged\u0259n \u018flibo\u015f Qay\u0131tmaz\" class=\"read-more\" href=\"https:\/\/nedir.az\/atalar-sozleri\/ele-geden-elibos-qayitmaz-atalar-sozunun-menasi-nedir\" aria-label=\"Read more about El\u0259 Ged\u0259n \u018flibo\u015f Qay\u0131tmaz\">Read more<\/a><\/p>\n","protected":false},"author":2,"featured_media":0,"comment_status":"open","ping_status":"open","sticky":false,"template":"","format":"standard","meta":{"footnotes":""},"categories":[1],"tags":[],"class_list":["post-6345","post","type-post","status-publish","format-standard","hentry","category-atalar-sozleri-atalar-sozu"],"aioseo_notices":[],"_links":{"self":[{"href":"https:\/\/nedir.az\/atalar-sozleri\/wp-json\/wp\/v2\/posts\/6345","targetHints":{"allow":["GET"]}}],"collection":[{"href":"https:\/\/nedir.az\/atalar-sozleri\/wp-json\/wp\/v2\/posts"}],"about":[{"href":"https:\/\/nedir.az\/atalar-sozleri\/wp-json\/wp\/v2\/types\/post"}],"author":[{"embeddable":true,"href":"https:\/\/nedir.az\/atalar-sozleri\/wp-json\/wp\/v2\/users\/2"}],"replies":[{"embeddable":true,"href":"https:\/\/nedir.az\/atalar-sozleri\/wp-json\/wp\/v2\/comments?post=6345"}],"version-history":[{"count":0,"href":"https:\/\/nedir.az\/atalar-sozleri\/wp-json\/wp\/v2\/posts\/6345\/revisions"}],"wp:attachment":[{"href":"https:\/\/nedir.az\/atalar-sozleri\/wp-json\/wp\/v2\/media?parent=6345"}],"wp:term":[{"taxonomy":"category","embeddable":true,"href":"https:\/\/nedir.az\/atalar-sozleri\/wp-json\/wp\/v2\/categories?post=6345"},{"taxonomy":"post_tag","embeddable":true,"href":"https:\/\/nedir.az\/atalar-sozleri\/wp-json\/wp\/v2\/tags?post=6345"}],"curies":[{"name":"wp","href":"https:\/\/api.w.org\/{rel}","templated":true}]}}