{"id":6342,"date":"2024-09-06T21:34:17","date_gmt":"2024-09-06T21:34:17","guid":{"rendered":""},"modified":"-0001-11-30T00:00:00","modified_gmt":"-0001-11-29T21:00:00","slug":"ele-ele-ki-ne-sis-yansin-ne-de-kabab","status":"publish","type":"post","link":"https:\/\/nedir.az\/atalar-sozleri\/ele-ele-ki-ne-sis-yansin-ne-de-kabab-atalar-sozunun-menasi-nedir","title":{"rendered":"El\u0259 El\u0259 Ki, N\u0259 \u015ei\u015f Yans\u0131n, N\u0259 d\u0259 Kabab"},"content":{"rendered":"<p>&#8220;el\u0259 el\u0259 ki, n\u0259 \u015fi\u015f yans\u0131n, n\u0259 d\u0259 kabab&#8221; atalar s\u00f6z\u00fc, bir i\u015fi yerin\u0259 yetir\u0259rk\u0259n, h\u0259r iki t\u0259r\u0259fi qane ed\u0259c\u0259k bir yol tapma\u011f\u0131, m\u00fcvafiq bir h\u0259ll yolu se\u00e7m\u0259yi ifad\u0259 edir. Bu s\u00f6z, insanlar\u0131n b\u0259z\u0259n \u00e7\u0259tin v\u0259ziyy\u0259tl\u0259rd\u0259, h\u0259r iki t\u0259r\u0259fi raz\u0131 salacaq bir yol tapmaq \u00fc\u00e7\u00fcn \u00e7al\u0131\u015fd\u0131qlar\u0131n\u0131 vur\u011fulay\u0131r. H\u0259m\u00e7inin, bu atalar s\u00f6z\u00fc, balans\u0131 qoruma\u011f\u0131n v\u0259 m\u00fcnaqi\u015f\u0259l\u0259ri minimuma endirm\u0259yin \u0259h\u0259miyy\u0259tini d\u0259 bildirir.<\/p>\n<p><b>Q\u0131sa M\u0259nas\u0131<\/b><br \/> Bu atalar s\u00f6z\u00fc, h\u0259r iki t\u0259r\u0259fi qane ed\u0259c\u0259k bir h\u0259ll yolu tapma\u011f\u0131 ifad\u0259 edir.<\/p>\n","protected":false},"excerpt":{"rendered":"<p>&#8220;el\u0259 el\u0259 ki, n\u0259 \u015fi\u015f yans\u0131n, n\u0259 d\u0259 kabab&#8221; atalar s\u00f6z\u00fc, bir i\u015fi yerin\u0259 yetir\u0259rk\u0259n, h\u0259r iki t\u0259r\u0259fi qane ed\u0259c\u0259k bir yol tapma\u011f\u0131, m\u00fcvafiq bir h\u0259ll yolu se\u00e7m\u0259yi ifad\u0259 edir. Bu s\u00f6z, insanlar\u0131n b\u0259z\u0259n \u00e7\u0259tin v\u0259ziyy\u0259tl\u0259rd\u0259, h\u0259r iki t\u0259r\u0259fi raz\u0131 salacaq bir yol tapmaq \u00fc\u00e7\u00fcn \u00e7al\u0131\u015fd\u0131qlar\u0131n\u0131 vur\u011fulay\u0131r. H\u0259m\u00e7inin, bu atalar s\u00f6z\u00fc, balans\u0131 qoruma\u011f\u0131n v\u0259 m\u00fcnaqi\u015f\u0259l\u0259ri &#8230; <a title=\"El\u0259 El\u0259 Ki, N\u0259 \u015ei\u015f Yans\u0131n, N\u0259 d\u0259 Kabab\" class=\"read-more\" href=\"https:\/\/nedir.az\/atalar-sozleri\/ele-ele-ki-ne-sis-yansin-ne-de-kabab-atalar-sozunun-menasi-nedir\" aria-label=\"Read more about El\u0259 El\u0259 Ki, N\u0259 \u015ei\u015f Yans\u0131n, N\u0259 d\u0259 Kabab\">Read more<\/a><\/p>\n","protected":false},"author":2,"featured_media":0,"comment_status":"open","ping_status":"open","sticky":false,"template":"","format":"standard","meta":{"footnotes":""},"categories":[1],"tags":[],"class_list":["post-6342","post","type-post","status-publish","format-standard","hentry","category-atalar-sozleri-atalar-sozu"],"aioseo_notices":[],"_links":{"self":[{"href":"https:\/\/nedir.az\/atalar-sozleri\/wp-json\/wp\/v2\/posts\/6342","targetHints":{"allow":["GET"]}}],"collection":[{"href":"https:\/\/nedir.az\/atalar-sozleri\/wp-json\/wp\/v2\/posts"}],"about":[{"href":"https:\/\/nedir.az\/atalar-sozleri\/wp-json\/wp\/v2\/types\/post"}],"author":[{"embeddable":true,"href":"https:\/\/nedir.az\/atalar-sozleri\/wp-json\/wp\/v2\/users\/2"}],"replies":[{"embeddable":true,"href":"https:\/\/nedir.az\/atalar-sozleri\/wp-json\/wp\/v2\/comments?post=6342"}],"version-history":[{"count":0,"href":"https:\/\/nedir.az\/atalar-sozleri\/wp-json\/wp\/v2\/posts\/6342\/revisions"}],"wp:attachment":[{"href":"https:\/\/nedir.az\/atalar-sozleri\/wp-json\/wp\/v2\/media?parent=6342"}],"wp:term":[{"taxonomy":"category","embeddable":true,"href":"https:\/\/nedir.az\/atalar-sozleri\/wp-json\/wp\/v2\/categories?post=6342"},{"taxonomy":"post_tag","embeddable":true,"href":"https:\/\/nedir.az\/atalar-sozleri\/wp-json\/wp\/v2\/tags?post=6342"}],"curies":[{"name":"wp","href":"https:\/\/api.w.org\/{rel}","templated":true}]}}