{"id":6340,"date":"2024-09-06T21:34:17","date_gmt":"2024-09-06T21:34:17","guid":{"rendered":""},"modified":"-0001-11-30T00:00:00","modified_gmt":"-0001-11-29T21:00:00","slug":"ele-eden-sene-de-eder","status":"publish","type":"post","link":"https:\/\/nedir.az\/atalar-sozleri\/ele-eden-sene-de-eder-atalar-sozunun-menasi-nedir","title":{"rendered":"El\u0259 Ed\u0259n, S\u0259n\u0259 d\u0259 Ed\u0259r"},"content":{"rendered":"<p>&#8220;El\u0259 ed\u0259n, s\u0259n\u0259 d\u0259 ed\u0259r&#8221; atalar s\u00f6z\u00fc, insanlar\u0131n davran\u0131\u015flar\u0131n\u0131n v\u0259 \u0259m\u0259ll\u0259rinin ba\u015fqalar\u0131na da t\u0259sir etdiyini vur\u011fulay\u0131r. Bu s\u00f6z, birinin etdiyi h\u0259r\u0259k\u0259tl\u0259rin, ba\u015fqalar\u0131 t\u0259r\u0259find\u0259n d\u0259 t\u0259krarlanaca\u011f\u0131na i\u015far\u0259 edir. Y\u0259ni, \u0259g\u0259r birisi pis bir \u015fey edirs\u0259, bu, onun \u0259traf\u0131ndak\u0131 insanlara da n\u00fcmun\u0259 ola bil\u0259r. Bu atalar s\u00f6z\u00fc, insanlar\u0131 daha diqq\u0259tli olma\u011fa v\u0259 ba\u015fqalar\u0131na n\u00fcmun\u0259 olma\u011fa t\u0259\u015fviq edir.<\/p>\n<p><b>Q\u0131sa M\u0259nas\u0131<\/b><br \/>Bu atalar s\u00f6z\u00fc, birinin davran\u0131\u015flar\u0131n\u0131n ba\u015fqalar\u0131na t\u0259sir etdiyini bildirir.<\/p>\n","protected":false},"excerpt":{"rendered":"<p>&#8220;El\u0259 ed\u0259n, s\u0259n\u0259 d\u0259 ed\u0259r&#8221; atalar s\u00f6z\u00fc, insanlar\u0131n davran\u0131\u015flar\u0131n\u0131n v\u0259 \u0259m\u0259ll\u0259rinin ba\u015fqalar\u0131na da t\u0259sir etdiyini vur\u011fulay\u0131r. Bu s\u00f6z, birinin etdiyi h\u0259r\u0259k\u0259tl\u0259rin, ba\u015fqalar\u0131 t\u0259r\u0259find\u0259n d\u0259 t\u0259krarlanaca\u011f\u0131na i\u015far\u0259 edir. Y\u0259ni, \u0259g\u0259r birisi pis bir \u015fey edirs\u0259, bu, onun \u0259traf\u0131ndak\u0131 insanlara da n\u00fcmun\u0259 ola bil\u0259r. Bu atalar s\u00f6z\u00fc, insanlar\u0131 daha diqq\u0259tli olma\u011fa v\u0259 ba\u015fqalar\u0131na n\u00fcmun\u0259 olma\u011fa t\u0259\u015fviq edir. &#8230; <a title=\"El\u0259 Ed\u0259n, S\u0259n\u0259 d\u0259 Ed\u0259r\" class=\"read-more\" href=\"https:\/\/nedir.az\/atalar-sozleri\/ele-eden-sene-de-eder-atalar-sozunun-menasi-nedir\" aria-label=\"Read more about El\u0259 Ed\u0259n, S\u0259n\u0259 d\u0259 Ed\u0259r\">Read more<\/a><\/p>\n","protected":false},"author":2,"featured_media":0,"comment_status":"open","ping_status":"open","sticky":false,"template":"","format":"standard","meta":{"footnotes":""},"categories":[1],"tags":[],"class_list":["post-6340","post","type-post","status-publish","format-standard","hentry","category-atalar-sozleri-atalar-sozu"],"aioseo_notices":[],"_links":{"self":[{"href":"https:\/\/nedir.az\/atalar-sozleri\/wp-json\/wp\/v2\/posts\/6340","targetHints":{"allow":["GET"]}}],"collection":[{"href":"https:\/\/nedir.az\/atalar-sozleri\/wp-json\/wp\/v2\/posts"}],"about":[{"href":"https:\/\/nedir.az\/atalar-sozleri\/wp-json\/wp\/v2\/types\/post"}],"author":[{"embeddable":true,"href":"https:\/\/nedir.az\/atalar-sozleri\/wp-json\/wp\/v2\/users\/2"}],"replies":[{"embeddable":true,"href":"https:\/\/nedir.az\/atalar-sozleri\/wp-json\/wp\/v2\/comments?post=6340"}],"version-history":[{"count":0,"href":"https:\/\/nedir.az\/atalar-sozleri\/wp-json\/wp\/v2\/posts\/6340\/revisions"}],"wp:attachment":[{"href":"https:\/\/nedir.az\/atalar-sozleri\/wp-json\/wp\/v2\/media?parent=6340"}],"wp:term":[{"taxonomy":"category","embeddable":true,"href":"https:\/\/nedir.az\/atalar-sozleri\/wp-json\/wp\/v2\/categories?post=6340"},{"taxonomy":"post_tag","embeddable":true,"href":"https:\/\/nedir.az\/atalar-sozleri\/wp-json\/wp\/v2\/tags?post=6340"}],"curies":[{"name":"wp","href":"https:\/\/api.w.org\/{rel}","templated":true}]}}