{"id":6336,"date":"2024-09-06T21:34:17","date_gmt":"2024-09-06T21:34:17","guid":{"rendered":""},"modified":"-0001-11-30T00:00:00","modified_gmt":"-0001-11-29T21:00:00","slug":"ele-bilirsen-qara-gozune-asiq-olub","status":"publish","type":"post","link":"https:\/\/nedir.az\/atalar-sozleri\/ele-bilirsen-qara-gozune-asiq-olub-atalar-sozunun-menasi-nedir","title":{"rendered":"El\u0259 Bilirs\u0259n Qara G\u00f6z\u00fcn\u0259 A\u015fiq Olub?"},"content":{"rendered":"<p>&#8220;el\u0259 bilirs\u0259n qara g\u00f6z\u00fcn\u0259 a\u015fiq olub?&#8221; atalar s\u00f6z\u00fcn\u00fcn m\u0259nas\u0131, bir insan\u0131n ba\u015fqalar\u0131n\u0131n g\u00f6z\u00fcnd\u0259ki g\u00f6z\u0259lliy\u0259, xarizmaya ya da c\u0259lb edici x\u00fcsusiyy\u0259tl\u0259r\u0259 aldanaraq, onun ger\u00e7\u0259k mahiyy\u0259tini g\u00f6rm\u0259m\u0259si dem\u0259kdir. Bu atalar s\u00f6z\u00fc, insanlar\u0131n b\u0259z\u0259n yaln\u0131z g\u00f6r\u00fcn\u00fc\u015f\u0259 aldanaraq, birinin i\u00e7 d\u00fcnyas\u0131n\u0131 ya da \u0259sl niyy\u0259tini anlamad\u0131qlar\u0131n\u0131 vur\u011fulay\u0131r. H\u0259m\u00e7inin, bu ifad\u0259, insan\u0131n \u00f6z hissl\u0259rin\u0259 v\u0259 d\u00fc\u015f\u00fcnc\u0259l\u0259rin\u0259 daha diqq\u0259tli olmas\u0131n\u0131n vacibliyini xat\u0131rlad\u0131r.<\/p>\n<p><b>Q\u0131sa M\u0259nas\u0131<\/b><br \/>G\u00f6r\u00fcn\u00fc\u015f\u0259 aldanma\u011f\u0131n, i\u00e7 d\u00fcnyan\u0131 g\u00f6rm\u0259m\u0259yin m\u0259nas\u0131n\u0131 da\u015f\u0131y\u0131r.<\/p>\n","protected":false},"excerpt":{"rendered":"<p>&#8220;el\u0259 bilirs\u0259n qara g\u00f6z\u00fcn\u0259 a\u015fiq olub?&#8221; atalar s\u00f6z\u00fcn\u00fcn m\u0259nas\u0131, bir insan\u0131n ba\u015fqalar\u0131n\u0131n g\u00f6z\u00fcnd\u0259ki g\u00f6z\u0259lliy\u0259, xarizmaya ya da c\u0259lb edici x\u00fcsusiyy\u0259tl\u0259r\u0259 aldanaraq, onun ger\u00e7\u0259k mahiyy\u0259tini g\u00f6rm\u0259m\u0259si dem\u0259kdir. Bu atalar s\u00f6z\u00fc, insanlar\u0131n b\u0259z\u0259n yaln\u0131z g\u00f6r\u00fcn\u00fc\u015f\u0259 aldanaraq, birinin i\u00e7 d\u00fcnyas\u0131n\u0131 ya da \u0259sl niyy\u0259tini anlamad\u0131qlar\u0131n\u0131 vur\u011fulay\u0131r. H\u0259m\u00e7inin, bu ifad\u0259, insan\u0131n \u00f6z hissl\u0259rin\u0259 v\u0259 d\u00fc\u015f\u00fcnc\u0259l\u0259rin\u0259 daha diqq\u0259tli olmas\u0131n\u0131n vacibliyini &#8230; <a title=\"El\u0259 Bilirs\u0259n Qara G\u00f6z\u00fcn\u0259 A\u015fiq Olub?\" class=\"read-more\" href=\"https:\/\/nedir.az\/atalar-sozleri\/ele-bilirsen-qara-gozune-asiq-olub-atalar-sozunun-menasi-nedir\" aria-label=\"Read more about El\u0259 Bilirs\u0259n Qara G\u00f6z\u00fcn\u0259 A\u015fiq Olub?\">Read more<\/a><\/p>\n","protected":false},"author":2,"featured_media":0,"comment_status":"open","ping_status":"open","sticky":false,"template":"","format":"standard","meta":{"footnotes":""},"categories":[1],"tags":[],"class_list":["post-6336","post","type-post","status-publish","format-standard","hentry","category-atalar-sozleri-atalar-sozu"],"aioseo_notices":[],"_links":{"self":[{"href":"https:\/\/nedir.az\/atalar-sozleri\/wp-json\/wp\/v2\/posts\/6336","targetHints":{"allow":["GET"]}}],"collection":[{"href":"https:\/\/nedir.az\/atalar-sozleri\/wp-json\/wp\/v2\/posts"}],"about":[{"href":"https:\/\/nedir.az\/atalar-sozleri\/wp-json\/wp\/v2\/types\/post"}],"author":[{"embeddable":true,"href":"https:\/\/nedir.az\/atalar-sozleri\/wp-json\/wp\/v2\/users\/2"}],"replies":[{"embeddable":true,"href":"https:\/\/nedir.az\/atalar-sozleri\/wp-json\/wp\/v2\/comments?post=6336"}],"version-history":[{"count":0,"href":"https:\/\/nedir.az\/atalar-sozleri\/wp-json\/wp\/v2\/posts\/6336\/revisions"}],"wp:attachment":[{"href":"https:\/\/nedir.az\/atalar-sozleri\/wp-json\/wp\/v2\/media?parent=6336"}],"wp:term":[{"taxonomy":"category","embeddable":true,"href":"https:\/\/nedir.az\/atalar-sozleri\/wp-json\/wp\/v2\/categories?post=6336"},{"taxonomy":"post_tag","embeddable":true,"href":"https:\/\/nedir.az\/atalar-sozleri\/wp-json\/wp\/v2\/tags?post=6336"}],"curies":[{"name":"wp","href":"https:\/\/api.w.org\/{rel}","templated":true}]}}