{"id":6335,"date":"2024-09-06T21:34:17","date_gmt":"2024-09-06T21:34:17","guid":{"rendered":""},"modified":"-0001-11-30T00:00:00","modified_gmt":"-0001-11-29T21:00:00","slug":"ele-bilir-yuxa-arasinda-halvadir","status":"publish","type":"post","link":"https:\/\/nedir.az\/atalar-sozleri\/ele-bilir-yuxa-arasinda-halvadir-atalar-sozunun-menasi-nedir","title":{"rendered":"El\u0259 Bilir Yuxa Aras\u0131nda Halvad\u0131r"},"content":{"rendered":"<p>&#8220;el\u0259 bilir yuxa aras\u0131nda halvad\u0131r&#8221; atalar s\u00f6z\u00fc, bir insan\u0131n reall\u0131\u011f\u0131 d\u00fczg\u00fcn qiym\u0259tl\u0259ndirm\u0259diyini, \u00f6z\u00fcn\u00fc aldatd\u0131\u011f\u0131n\u0131 v\u0259 ya ba\u015fqalar\u0131n\u0131 aldatma\u011fa \u00e7al\u0131\u015fd\u0131\u011f\u0131n\u0131 ifad\u0259 edir. Bu atalar s\u00f6z\u00fc, birinin v\u0259ziyy\u0259tini, imkanlar\u0131n\u0131 v\u0259 ya \u0259traf\u0131ndak\u0131lar\u0131 yanl\u0131\u015f anlad\u0131\u011f\u0131n\u0131, \u00f6z\u00fcn\u00fc oldu\u011fundan daha yax\u015f\u0131 bir v\u0259ziyy\u0259td\u0259 g\u00f6st\u0259rm\u0259y\u0259 \u00e7al\u0131\u015fd\u0131\u011f\u0131n\u0131 vur\u011fulay\u0131r. Y\u0259ni, insan\u0131n \u00f6z\u00fcn\u00fc yalan\u00e7\u0131 bir \u015f\u0259kild\u0259, ger\u00e7\u0259kd\u0259n uzaq bir v\u0259ziyy\u0259td\u0259 hiss etm\u0259si dem\u0259kdir.<\/p>\n<p><b>Q\u0131sa M\u0259nas\u0131<\/b><br \/>Bu atalar s\u00f6z\u00fc, insan\u0131n reall\u0131\u011f\u0131 yanl\u0131\u015f anlad\u0131\u011f\u0131n\u0131 v\u0259 \u00f6z\u00fcn\u00fc aldatd\u0131\u011f\u0131n\u0131 bildirir.<\/p>\n","protected":false},"excerpt":{"rendered":"<p>&#8220;el\u0259 bilir yuxa aras\u0131nda halvad\u0131r&#8221; atalar s\u00f6z\u00fc, bir insan\u0131n reall\u0131\u011f\u0131 d\u00fczg\u00fcn qiym\u0259tl\u0259ndirm\u0259diyini, \u00f6z\u00fcn\u00fc aldatd\u0131\u011f\u0131n\u0131 v\u0259 ya ba\u015fqalar\u0131n\u0131 aldatma\u011fa \u00e7al\u0131\u015fd\u0131\u011f\u0131n\u0131 ifad\u0259 edir. Bu atalar s\u00f6z\u00fc, birinin v\u0259ziyy\u0259tini, imkanlar\u0131n\u0131 v\u0259 ya \u0259traf\u0131ndak\u0131lar\u0131 yanl\u0131\u015f anlad\u0131\u011f\u0131n\u0131, \u00f6z\u00fcn\u00fc oldu\u011fundan daha yax\u015f\u0131 bir v\u0259ziyy\u0259td\u0259 g\u00f6st\u0259rm\u0259y\u0259 \u00e7al\u0131\u015fd\u0131\u011f\u0131n\u0131 vur\u011fulay\u0131r. Y\u0259ni, insan\u0131n \u00f6z\u00fcn\u00fc yalan\u00e7\u0131 bir \u015f\u0259kild\u0259, ger\u00e7\u0259kd\u0259n uzaq bir v\u0259ziyy\u0259td\u0259 hiss etm\u0259si dem\u0259kdir. Q\u0131sa &#8230; <a title=\"El\u0259 Bilir Yuxa Aras\u0131nda Halvad\u0131r\" class=\"read-more\" href=\"https:\/\/nedir.az\/atalar-sozleri\/ele-bilir-yuxa-arasinda-halvadir-atalar-sozunun-menasi-nedir\" aria-label=\"Read more about El\u0259 Bilir Yuxa Aras\u0131nda Halvad\u0131r\">Read more<\/a><\/p>\n","protected":false},"author":2,"featured_media":0,"comment_status":"open","ping_status":"open","sticky":false,"template":"","format":"standard","meta":{"footnotes":""},"categories":[1],"tags":[],"class_list":["post-6335","post","type-post","status-publish","format-standard","hentry","category-atalar-sozleri-atalar-sozu"],"aioseo_notices":[],"_links":{"self":[{"href":"https:\/\/nedir.az\/atalar-sozleri\/wp-json\/wp\/v2\/posts\/6335","targetHints":{"allow":["GET"]}}],"collection":[{"href":"https:\/\/nedir.az\/atalar-sozleri\/wp-json\/wp\/v2\/posts"}],"about":[{"href":"https:\/\/nedir.az\/atalar-sozleri\/wp-json\/wp\/v2\/types\/post"}],"author":[{"embeddable":true,"href":"https:\/\/nedir.az\/atalar-sozleri\/wp-json\/wp\/v2\/users\/2"}],"replies":[{"embeddable":true,"href":"https:\/\/nedir.az\/atalar-sozleri\/wp-json\/wp\/v2\/comments?post=6335"}],"version-history":[{"count":0,"href":"https:\/\/nedir.az\/atalar-sozleri\/wp-json\/wp\/v2\/posts\/6335\/revisions"}],"wp:attachment":[{"href":"https:\/\/nedir.az\/atalar-sozleri\/wp-json\/wp\/v2\/media?parent=6335"}],"wp:term":[{"taxonomy":"category","embeddable":true,"href":"https:\/\/nedir.az\/atalar-sozleri\/wp-json\/wp\/v2\/categories?post=6335"},{"taxonomy":"post_tag","embeddable":true,"href":"https:\/\/nedir.az\/atalar-sozleri\/wp-json\/wp\/v2\/tags?post=6335"}],"curies":[{"name":"wp","href":"https:\/\/api.w.org\/{rel}","templated":true}]}}