{"id":6333,"date":"2024-09-06T21:34:17","date_gmt":"2024-09-06T21:34:17","guid":{"rendered":""},"modified":"-0001-11-30T00:00:00","modified_gmt":"-0001-11-29T21:00:00","slug":"ele-bil-ustumden-dag-goturuldu","status":"publish","type":"post","link":"https:\/\/nedir.az\/atalar-sozleri\/ele-bil-ustumden-dag-goturuldu-atalar-sozunun-menasi-nedir","title":{"rendered":"El\u0259 Bil \u00dcst\u00fcmd\u0259n Da\u011f G\u00f6t\u00fcr\u00fcld\u00fc"},"content":{"rendered":"<p>&#8220;el\u0259 bil \u00fcst\u00fcmd\u0259n da\u011f g\u00f6t\u00fcr\u00fcld\u00fc&#8221; atalar s\u00f6z\u00fc, bir insan\u0131n \u00fcz\u0259rind\u0259ki a\u011f\u0131r bir y\u00fck\u00fcn, narahatl\u0131\u011f\u0131n v\u0259 ya stressin aradan qalxd\u0131\u011f\u0131n\u0131 ifad\u0259 edir. Bu ifad\u0259, bir \u00e7\u0259tinlikd\u0259n sonra rahatlama hissini, azadl\u0131\u011f\u0131 v\u0259 ya sevincin artmas\u0131n\u0131 simvolla\u015fd\u0131r\u0131r. Ad\u0259t\u0259n, bu s\u00f6z bir problemin h\u0259ll olundu\u011fu, bir y\u00fck\u00fcn at\u0131ld\u0131\u011f\u0131 v\u0259 ya bir narahatl\u0131\u011f\u0131n sona \u00e7atd\u0131\u011f\u0131 zaman istifad\u0259 olunur. \u0130nsanlar bu atalar s\u00f6z\u00fcn\u00fc, \u00e7\u0259tin bir d\u00f6vr\u00fc gerid\u0259 qoyduqdan sonra hiss etdikl\u0259ri y\u00fcng\u00fcll\u00fck v\u0259 rahatl\u0131q \u00fc\u00e7\u00fcn deyirl\u0259r.<\/p>\n<p><b>Q\u0131sa M\u0259nas\u0131<\/b><br \/> Bu atalar s\u00f6z\u00fc, \u00e7\u0259tinlikl\u0259rin aradan qalxd\u0131\u011f\u0131n\u0131, rahatlama hissini ifad\u0259 edir.<\/p>\n","protected":false},"excerpt":{"rendered":"<p>&#8220;el\u0259 bil \u00fcst\u00fcmd\u0259n da\u011f g\u00f6t\u00fcr\u00fcld\u00fc&#8221; atalar s\u00f6z\u00fc, bir insan\u0131n \u00fcz\u0259rind\u0259ki a\u011f\u0131r bir y\u00fck\u00fcn, narahatl\u0131\u011f\u0131n v\u0259 ya stressin aradan qalxd\u0131\u011f\u0131n\u0131 ifad\u0259 edir. Bu ifad\u0259, bir \u00e7\u0259tinlikd\u0259n sonra rahatlama hissini, azadl\u0131\u011f\u0131 v\u0259 ya sevincin artmas\u0131n\u0131 simvolla\u015fd\u0131r\u0131r. Ad\u0259t\u0259n, bu s\u00f6z bir problemin h\u0259ll olundu\u011fu, bir y\u00fck\u00fcn at\u0131ld\u0131\u011f\u0131 v\u0259 ya bir narahatl\u0131\u011f\u0131n sona \u00e7atd\u0131\u011f\u0131 zaman istifad\u0259 olunur. \u0130nsanlar bu &#8230; <a title=\"El\u0259 Bil \u00dcst\u00fcmd\u0259n Da\u011f G\u00f6t\u00fcr\u00fcld\u00fc\" class=\"read-more\" href=\"https:\/\/nedir.az\/atalar-sozleri\/ele-bil-ustumden-dag-goturuldu-atalar-sozunun-menasi-nedir\" aria-label=\"Read more about El\u0259 Bil \u00dcst\u00fcmd\u0259n Da\u011f G\u00f6t\u00fcr\u00fcld\u00fc\">Read more<\/a><\/p>\n","protected":false},"author":2,"featured_media":0,"comment_status":"open","ping_status":"open","sticky":false,"template":"","format":"standard","meta":{"footnotes":""},"categories":[1],"tags":[],"class_list":["post-6333","post","type-post","status-publish","format-standard","hentry","category-atalar-sozleri-atalar-sozu"],"aioseo_notices":[],"_links":{"self":[{"href":"https:\/\/nedir.az\/atalar-sozleri\/wp-json\/wp\/v2\/posts\/6333","targetHints":{"allow":["GET"]}}],"collection":[{"href":"https:\/\/nedir.az\/atalar-sozleri\/wp-json\/wp\/v2\/posts"}],"about":[{"href":"https:\/\/nedir.az\/atalar-sozleri\/wp-json\/wp\/v2\/types\/post"}],"author":[{"embeddable":true,"href":"https:\/\/nedir.az\/atalar-sozleri\/wp-json\/wp\/v2\/users\/2"}],"replies":[{"embeddable":true,"href":"https:\/\/nedir.az\/atalar-sozleri\/wp-json\/wp\/v2\/comments?post=6333"}],"version-history":[{"count":0,"href":"https:\/\/nedir.az\/atalar-sozleri\/wp-json\/wp\/v2\/posts\/6333\/revisions"}],"wp:attachment":[{"href":"https:\/\/nedir.az\/atalar-sozleri\/wp-json\/wp\/v2\/media?parent=6333"}],"wp:term":[{"taxonomy":"category","embeddable":true,"href":"https:\/\/nedir.az\/atalar-sozleri\/wp-json\/wp\/v2\/categories?post=6333"},{"taxonomy":"post_tag","embeddable":true,"href":"https:\/\/nedir.az\/atalar-sozleri\/wp-json\/wp\/v2\/tags?post=6333"}],"curies":[{"name":"wp","href":"https:\/\/api.w.org\/{rel}","templated":true}]}}