{"id":6331,"date":"2024-09-06T21:34:17","date_gmt":"2024-09-06T21:34:17","guid":{"rendered":""},"modified":"-0001-11-30T00:00:00","modified_gmt":"-0001-11-29T21:00:00","slug":"ele-bil-olu-qebirden-xortdayib","status":"publish","type":"post","link":"https:\/\/nedir.az\/atalar-sozleri\/ele-bil-olu-qebirden-xortdayib-atalar-sozunun-menasi-nedir","title":{"rendered":"El\u0259 Bil \u00d6l\u00fc Q\u0259bird\u0259n Xortday\u0131b"},"content":{"rendered":"<p>&#8220;el\u0259 bil \u00f6l\u00fc q\u0259bird\u0259n xortday\u0131b&#8221; atalar s\u00f6z\u00fc, bir insan\u0131n uzun m\u00fcdd\u0259t unudulmu\u015f, ya da he\u00e7 bir \u0259h\u0259miyy\u0259t verilm\u0259y\u0259n bir m\u0259s\u0259l\u0259ni bird\u0259n-bir\u0259 g\u00fcnd\u0259m\u0259 g\u0259tirm\u0259si, ya da bir \u015feyin g\u00f6zl\u0259nilm\u0259d\u0259n ortaya \u00e7\u0131xmas\u0131 anlam\u0131nda istifad\u0259 olunur. Bu ifad\u0259, ad\u0259t\u0259n, bir \u015feyin zamanla unudulmas\u0131 v\u0259 sonra yenid\u0259n ortaya \u00e7\u0131xmas\u0131 il\u0259 ba\u011fl\u0131d\u0131r. \u0130nsanlar b\u0259z\u0259n ke\u00e7mi\u015fd\u0259 ba\u015f vermi\u015f hadis\u0259l\u0259ri, ya da unudulmu\u015f fikirl\u0259ri yenid\u0259n g\u00fcnd\u0259m\u0259 g\u0259tir\u0259r\u0259k, onlar\u0131 m\u00fczakir\u0259 etm\u0259y\u0259 ba\u015flay\u0131rlar. Bu atalar s\u00f6z\u00fc, bel\u0259 bir v\u0259ziyy\u0259ti t\u0259svir edir.<\/p>\n<p><b>Q\u0131sa M\u0259nas\u0131<\/b><br \/>Uzun m\u00fcdd\u0259t unudulmu\u015f bir \u015feyin yenid\u0259n g\u00fcnd\u0259m\u0259 g\u0259lm\u0259si.<\/p>\n","protected":false},"excerpt":{"rendered":"<p>&#8220;el\u0259 bil \u00f6l\u00fc q\u0259bird\u0259n xortday\u0131b&#8221; atalar s\u00f6z\u00fc, bir insan\u0131n uzun m\u00fcdd\u0259t unudulmu\u015f, ya da he\u00e7 bir \u0259h\u0259miyy\u0259t verilm\u0259y\u0259n bir m\u0259s\u0259l\u0259ni bird\u0259n-bir\u0259 g\u00fcnd\u0259m\u0259 g\u0259tirm\u0259si, ya da bir \u015feyin g\u00f6zl\u0259nilm\u0259d\u0259n ortaya \u00e7\u0131xmas\u0131 anlam\u0131nda istifad\u0259 olunur. Bu ifad\u0259, ad\u0259t\u0259n, bir \u015feyin zamanla unudulmas\u0131 v\u0259 sonra yenid\u0259n ortaya \u00e7\u0131xmas\u0131 il\u0259 ba\u011fl\u0131d\u0131r. \u0130nsanlar b\u0259z\u0259n ke\u00e7mi\u015fd\u0259 ba\u015f vermi\u015f hadis\u0259l\u0259ri, ya da &#8230; <a title=\"El\u0259 Bil \u00d6l\u00fc Q\u0259bird\u0259n Xortday\u0131b\" class=\"read-more\" href=\"https:\/\/nedir.az\/atalar-sozleri\/ele-bil-olu-qebirden-xortdayib-atalar-sozunun-menasi-nedir\" aria-label=\"Read more about El\u0259 Bil \u00d6l\u00fc Q\u0259bird\u0259n Xortday\u0131b\">Read more<\/a><\/p>\n","protected":false},"author":2,"featured_media":0,"comment_status":"open","ping_status":"open","sticky":false,"template":"","format":"standard","meta":{"footnotes":""},"categories":[1],"tags":[],"class_list":["post-6331","post","type-post","status-publish","format-standard","hentry","category-atalar-sozleri-atalar-sozu"],"aioseo_notices":[],"_links":{"self":[{"href":"https:\/\/nedir.az\/atalar-sozleri\/wp-json\/wp\/v2\/posts\/6331","targetHints":{"allow":["GET"]}}],"collection":[{"href":"https:\/\/nedir.az\/atalar-sozleri\/wp-json\/wp\/v2\/posts"}],"about":[{"href":"https:\/\/nedir.az\/atalar-sozleri\/wp-json\/wp\/v2\/types\/post"}],"author":[{"embeddable":true,"href":"https:\/\/nedir.az\/atalar-sozleri\/wp-json\/wp\/v2\/users\/2"}],"replies":[{"embeddable":true,"href":"https:\/\/nedir.az\/atalar-sozleri\/wp-json\/wp\/v2\/comments?post=6331"}],"version-history":[{"count":0,"href":"https:\/\/nedir.az\/atalar-sozleri\/wp-json\/wp\/v2\/posts\/6331\/revisions"}],"wp:attachment":[{"href":"https:\/\/nedir.az\/atalar-sozleri\/wp-json\/wp\/v2\/media?parent=6331"}],"wp:term":[{"taxonomy":"category","embeddable":true,"href":"https:\/\/nedir.az\/atalar-sozleri\/wp-json\/wp\/v2\/categories?post=6331"},{"taxonomy":"post_tag","embeddable":true,"href":"https:\/\/nedir.az\/atalar-sozleri\/wp-json\/wp\/v2\/tags?post=6331"}],"curies":[{"name":"wp","href":"https:\/\/api.w.org\/{rel}","templated":true}]}}