{"id":6329,"date":"2024-09-06T21:34:17","date_gmt":"2024-09-06T21:34:17","guid":{"rendered":""},"modified":"-0001-11-30T00:00:00","modified_gmt":"-0001-11-29T21:00:00","slug":"ele-bil-malakan-xencer-bagislayib","status":"publish","type":"post","link":"https:\/\/nedir.az\/atalar-sozleri\/ele-bil-malakan-xencer-bagislayib-atalar-sozunun-menasi-nedir","title":{"rendered":"El\u0259 Bil Malakan X\u0259nc\u0259r Ba\u011f\u0131\u015flay\u0131b"},"content":{"rendered":"<p>&#8220;El\u0259 bil malakan x\u0259nc\u0259r ba\u011f\u0131\u015flay\u0131b&#8221; atalar s\u00f6z\u00fc, bir insan\u0131n ba\u015fqas\u0131na bir \u015fey verdikd\u0259, onun d\u0259y\u0259rini, \u0259h\u0259miyy\u0259tini v\u0259 ya faydas\u0131n\u0131 tam anlamad\u0131\u011f\u0131n\u0131 ifad\u0259 edir. Bu s\u00f6z, bir \u015feyin g\u00f6r\u00fcn\u00fc\u015fd\u0259 d\u0259y\u0259rli olsa da, \u0259slind\u0259 o q\u0259d\u0259r d\u0259 faydal\u0131 olmad\u0131\u011f\u0131n\u0131, ya da bir insan\u0131n bu \u015feyi q\u0259bul etm\u0259sinin onun \u00fc\u00e7\u00fcn he\u00e7 bir m\u00fcsb\u0259t n\u0259tic\u0259 do\u011furmad\u0131\u011f\u0131n\u0131 vur\u011fulay\u0131r. Y\u0259ni, b\u0259z\u0259n insanlar ba\u015fqalar\u0131na bir \u015fey ver\u0259rk\u0259n, bu \u015feyin onlara n\u0259 q\u0259d\u0259r ziyan ver\u0259 bil\u0259c\u0259yini d\u00fc\u015f\u00fcnm\u0259d\u0259n, sad\u0259c\u0259 olaraq, onu verm\u0259k ist\u0259yirl\u0259r.<\/p>\n<p><b>Q\u0131sa M\u0259nas\u0131<\/b><br \/>Bu atalar s\u00f6z\u00fc, bir \u015feyin g\u00f6r\u00fcn\u00fc\u015fd\u0259 d\u0259y\u0259rli olsa da, \u0259slind\u0259 faydas\u0131z oldu\u011funu v\u0259 ya ziyan ver\u0259 bil\u0259c\u0259yini ifad\u0259 edir.<\/p>\n","protected":false},"excerpt":{"rendered":"<p>&#8220;El\u0259 bil malakan x\u0259nc\u0259r ba\u011f\u0131\u015flay\u0131b&#8221; atalar s\u00f6z\u00fc, bir insan\u0131n ba\u015fqas\u0131na bir \u015fey verdikd\u0259, onun d\u0259y\u0259rini, \u0259h\u0259miyy\u0259tini v\u0259 ya faydas\u0131n\u0131 tam anlamad\u0131\u011f\u0131n\u0131 ifad\u0259 edir. Bu s\u00f6z, bir \u015feyin g\u00f6r\u00fcn\u00fc\u015fd\u0259 d\u0259y\u0259rli olsa da, \u0259slind\u0259 o q\u0259d\u0259r d\u0259 faydal\u0131 olmad\u0131\u011f\u0131n\u0131, ya da bir insan\u0131n bu \u015feyi q\u0259bul etm\u0259sinin onun \u00fc\u00e7\u00fcn he\u00e7 bir m\u00fcsb\u0259t n\u0259tic\u0259 do\u011furmad\u0131\u011f\u0131n\u0131 vur\u011fulay\u0131r. Y\u0259ni, b\u0259z\u0259n &#8230; <a title=\"El\u0259 Bil Malakan X\u0259nc\u0259r Ba\u011f\u0131\u015flay\u0131b\" class=\"read-more\" href=\"https:\/\/nedir.az\/atalar-sozleri\/ele-bil-malakan-xencer-bagislayib-atalar-sozunun-menasi-nedir\" aria-label=\"Read more about El\u0259 Bil Malakan X\u0259nc\u0259r Ba\u011f\u0131\u015flay\u0131b\">Read more<\/a><\/p>\n","protected":false},"author":2,"featured_media":0,"comment_status":"open","ping_status":"open","sticky":false,"template":"","format":"standard","meta":{"footnotes":""},"categories":[1],"tags":[],"class_list":["post-6329","post","type-post","status-publish","format-standard","hentry","category-atalar-sozleri-atalar-sozu"],"aioseo_notices":[],"_links":{"self":[{"href":"https:\/\/nedir.az\/atalar-sozleri\/wp-json\/wp\/v2\/posts\/6329","targetHints":{"allow":["GET"]}}],"collection":[{"href":"https:\/\/nedir.az\/atalar-sozleri\/wp-json\/wp\/v2\/posts"}],"about":[{"href":"https:\/\/nedir.az\/atalar-sozleri\/wp-json\/wp\/v2\/types\/post"}],"author":[{"embeddable":true,"href":"https:\/\/nedir.az\/atalar-sozleri\/wp-json\/wp\/v2\/users\/2"}],"replies":[{"embeddable":true,"href":"https:\/\/nedir.az\/atalar-sozleri\/wp-json\/wp\/v2\/comments?post=6329"}],"version-history":[{"count":0,"href":"https:\/\/nedir.az\/atalar-sozleri\/wp-json\/wp\/v2\/posts\/6329\/revisions"}],"wp:attachment":[{"href":"https:\/\/nedir.az\/atalar-sozleri\/wp-json\/wp\/v2\/media?parent=6329"}],"wp:term":[{"taxonomy":"category","embeddable":true,"href":"https:\/\/nedir.az\/atalar-sozleri\/wp-json\/wp\/v2\/categories?post=6329"},{"taxonomy":"post_tag","embeddable":true,"href":"https:\/\/nedir.az\/atalar-sozleri\/wp-json\/wp\/v2\/tags?post=6329"}],"curies":[{"name":"wp","href":"https:\/\/api.w.org\/{rel}","templated":true}]}}