{"id":6328,"date":"2024-09-06T21:34:17","date_gmt":"2024-09-06T21:34:17","guid":{"rendered":""},"modified":"-0001-11-30T00:00:00","modified_gmt":"-0001-11-29T21:00:00","slug":"ele-bil-qurbaga-golune-das-atdilar","status":"publish","type":"post","link":"https:\/\/nedir.az\/atalar-sozleri\/ele-bil-qurbaga-golune-das-atdilar-atalar-sozunun-menasi-nedir","title":{"rendered":"El\u0259 Bil Qurba\u011fa G\u00f6l\u00fcn\u0259 Da\u015f Atd\u0131lar"},"content":{"rendered":"<p>&#8220;el\u0259 bil qurba\u011fa g\u00f6l\u00fcn\u0259 da\u015f atd\u0131lar&#8221; atalar s\u00f6z\u00fc, bir insan\u0131n ba\u015f\u0131na g\u0259l\u0259n bir hadis\u0259nin v\u0259 ya v\u0259ziyy\u0259tin, onun \u00fc\u00e7\u00fcn g\u00f6zl\u0259nilm\u0259z v\u0259 ya t\u0259sirsiz oldu\u011funu ifad\u0259 edir. Bu s\u00f6z, bir \u015feyin ba\u015f verm\u0259sinin, o q\u0259d\u0259r d\u0259 \u0259h\u0259miyy\u0259tli olmad\u0131\u011f\u0131n\u0131, ya da bir insan\u0131n bu hadis\u0259y\u0259 qar\u015f\u0131 laqeyd qald\u0131\u011f\u0131n\u0131 vur\u011fulamaq \u00fc\u00e7\u00fcn istifad\u0259 olunur. M\u0259s\u0259l\u0259n, birisi bir problem ya\u015fad\u0131\u011f\u0131nda, bu atalar s\u00f6z\u00fc il\u0259 onun bu problemi ciddiy\u0259 almad\u0131\u011f\u0131n\u0131, ya da bu problemin onun \u00fc\u00e7\u00fcn o q\u0259d\u0259r d\u0259 vacib olmad\u0131\u011f\u0131n\u0131 ifad\u0259 ed\u0259 bil\u0259rik.<\/p>\n<p><b>Q\u0131sa M\u0259nas\u0131<\/b><br \/>Bu atalar s\u00f6z\u00fc, bir hadis\u0259nin g\u00f6zl\u0259nilm\u0259z v\u0259 ya \u0259h\u0259miyy\u0259tsiz oldu\u011funu bildirir.<\/p>\n","protected":false},"excerpt":{"rendered":"<p>&#8220;el\u0259 bil qurba\u011fa g\u00f6l\u00fcn\u0259 da\u015f atd\u0131lar&#8221; atalar s\u00f6z\u00fc, bir insan\u0131n ba\u015f\u0131na g\u0259l\u0259n bir hadis\u0259nin v\u0259 ya v\u0259ziyy\u0259tin, onun \u00fc\u00e7\u00fcn g\u00f6zl\u0259nilm\u0259z v\u0259 ya t\u0259sirsiz oldu\u011funu ifad\u0259 edir. Bu s\u00f6z, bir \u015feyin ba\u015f verm\u0259sinin, o q\u0259d\u0259r d\u0259 \u0259h\u0259miyy\u0259tli olmad\u0131\u011f\u0131n\u0131, ya da bir insan\u0131n bu hadis\u0259y\u0259 qar\u015f\u0131 laqeyd qald\u0131\u011f\u0131n\u0131 vur\u011fulamaq \u00fc\u00e7\u00fcn istifad\u0259 olunur. M\u0259s\u0259l\u0259n, birisi bir problem ya\u015fad\u0131\u011f\u0131nda, &#8230; <a title=\"El\u0259 Bil Qurba\u011fa G\u00f6l\u00fcn\u0259 Da\u015f Atd\u0131lar\" class=\"read-more\" href=\"https:\/\/nedir.az\/atalar-sozleri\/ele-bil-qurbaga-golune-das-atdilar-atalar-sozunun-menasi-nedir\" aria-label=\"Read more about El\u0259 Bil Qurba\u011fa G\u00f6l\u00fcn\u0259 Da\u015f Atd\u0131lar\">Read more<\/a><\/p>\n","protected":false},"author":2,"featured_media":0,"comment_status":"open","ping_status":"open","sticky":false,"template":"","format":"standard","meta":{"footnotes":""},"categories":[1],"tags":[],"class_list":["post-6328","post","type-post","status-publish","format-standard","hentry","category-atalar-sozleri-atalar-sozu"],"aioseo_notices":[],"_links":{"self":[{"href":"https:\/\/nedir.az\/atalar-sozleri\/wp-json\/wp\/v2\/posts\/6328","targetHints":{"allow":["GET"]}}],"collection":[{"href":"https:\/\/nedir.az\/atalar-sozleri\/wp-json\/wp\/v2\/posts"}],"about":[{"href":"https:\/\/nedir.az\/atalar-sozleri\/wp-json\/wp\/v2\/types\/post"}],"author":[{"embeddable":true,"href":"https:\/\/nedir.az\/atalar-sozleri\/wp-json\/wp\/v2\/users\/2"}],"replies":[{"embeddable":true,"href":"https:\/\/nedir.az\/atalar-sozleri\/wp-json\/wp\/v2\/comments?post=6328"}],"version-history":[{"count":0,"href":"https:\/\/nedir.az\/atalar-sozleri\/wp-json\/wp\/v2\/posts\/6328\/revisions"}],"wp:attachment":[{"href":"https:\/\/nedir.az\/atalar-sozleri\/wp-json\/wp\/v2\/media?parent=6328"}],"wp:term":[{"taxonomy":"category","embeddable":true,"href":"https:\/\/nedir.az\/atalar-sozleri\/wp-json\/wp\/v2\/categories?post=6328"},{"taxonomy":"post_tag","embeddable":true,"href":"https:\/\/nedir.az\/atalar-sozleri\/wp-json\/wp\/v2\/tags?post=6328"}],"curies":[{"name":"wp","href":"https:\/\/api.w.org\/{rel}","templated":true}]}}