{"id":6327,"date":"2024-09-06T21:34:17","date_gmt":"2024-09-06T21:34:17","guid":{"rendered":""},"modified":"-0001-11-30T00:00:00","modified_gmt":"-0001-11-29T21:00:00","slug":"ele-bil-kilseye-bir-das-atdim","status":"publish","type":"post","link":"https:\/\/nedir.az\/atalar-sozleri\/ele-bil-kilseye-bir-das-atdim-atalar-sozunun-menasi-nedir","title":{"rendered":"El\u0259 Bil Kils\u0259y\u0259 Bir Da\u015f Atd\u0131m"},"content":{"rendered":"<p>&#8220;el\u0259 bil kils\u0259y\u0259 bir da\u015f atd\u0131m&#8221; atalar s\u00f6z\u00fc, bir insan\u0131n ba\u015fqalar\u0131n\u0131n diqq\u0259tini \u00e7\u0259km\u0259d\u0259n, gizli bir \u015f\u0259kild\u0259 bir i\u015f g\u00f6rm\u0259sini v\u0259 ya bir \u015feyin t\u0259sirini hiss etm\u0259d\u0259n, lakin bunun n\u0259tic\u0259l\u0259rinin sonradan ortaya \u00e7\u0131xaca\u011f\u0131n\u0131 ifad\u0259 edir. Bu atalar s\u00f6z\u00fc, b\u0259z\u0259n insanlar\u0131n etdikl\u0259ri i\u015fl\u0259rin, atd\u0131qlar\u0131 add\u0131mlar\u0131n, ya da dedikl\u0259ri s\u00f6zl\u0259rin, ilk anda g\u00f6r\u00fcnm\u0259s\u0259 d\u0259, zamanla m\u00fc\u0259yy\u0259n n\u0259tic\u0259l\u0259r do\u011furaca\u011f\u0131n\u0131 vur\u011fulay\u0131r. Y\u0259ni, b\u0259z\u0259n bir \u015feyin t\u0259siri, onun edildiyi anda hiss olunmaya bil\u0259r, amma sonradan bu t\u0259sir \u00f6z\u00fcn\u00fc g\u00f6st\u0259r\u0259 bil\u0259r.<\/p>\n<p><b>Q\u0131sa M\u0259nas\u0131<\/b><br \/> Bu atalar s\u00f6z\u00fc, bir i\u015fin n\u0259tic\u0259l\u0259rinin zamanla ortaya \u00e7\u0131xaca\u011f\u0131n\u0131 bildirir.<\/p>\n","protected":false},"excerpt":{"rendered":"<p>&#8220;el\u0259 bil kils\u0259y\u0259 bir da\u015f atd\u0131m&#8221; atalar s\u00f6z\u00fc, bir insan\u0131n ba\u015fqalar\u0131n\u0131n diqq\u0259tini \u00e7\u0259km\u0259d\u0259n, gizli bir \u015f\u0259kild\u0259 bir i\u015f g\u00f6rm\u0259sini v\u0259 ya bir \u015feyin t\u0259sirini hiss etm\u0259d\u0259n, lakin bunun n\u0259tic\u0259l\u0259rinin sonradan ortaya \u00e7\u0131xaca\u011f\u0131n\u0131 ifad\u0259 edir. Bu atalar s\u00f6z\u00fc, b\u0259z\u0259n insanlar\u0131n etdikl\u0259ri i\u015fl\u0259rin, atd\u0131qlar\u0131 add\u0131mlar\u0131n, ya da dedikl\u0259ri s\u00f6zl\u0259rin, ilk anda g\u00f6r\u00fcnm\u0259s\u0259 d\u0259, zamanla m\u00fc\u0259yy\u0259n n\u0259tic\u0259l\u0259r do\u011furaca\u011f\u0131n\u0131 &#8230; <a title=\"El\u0259 Bil Kils\u0259y\u0259 Bir Da\u015f Atd\u0131m\" class=\"read-more\" href=\"https:\/\/nedir.az\/atalar-sozleri\/ele-bil-kilseye-bir-das-atdim-atalar-sozunun-menasi-nedir\" aria-label=\"Read more about El\u0259 Bil Kils\u0259y\u0259 Bir Da\u015f Atd\u0131m\">Read more<\/a><\/p>\n","protected":false},"author":2,"featured_media":0,"comment_status":"open","ping_status":"open","sticky":false,"template":"","format":"standard","meta":{"footnotes":""},"categories":[1],"tags":[],"class_list":["post-6327","post","type-post","status-publish","format-standard","hentry","category-atalar-sozleri-atalar-sozu"],"aioseo_notices":[],"_links":{"self":[{"href":"https:\/\/nedir.az\/atalar-sozleri\/wp-json\/wp\/v2\/posts\/6327","targetHints":{"allow":["GET"]}}],"collection":[{"href":"https:\/\/nedir.az\/atalar-sozleri\/wp-json\/wp\/v2\/posts"}],"about":[{"href":"https:\/\/nedir.az\/atalar-sozleri\/wp-json\/wp\/v2\/types\/post"}],"author":[{"embeddable":true,"href":"https:\/\/nedir.az\/atalar-sozleri\/wp-json\/wp\/v2\/users\/2"}],"replies":[{"embeddable":true,"href":"https:\/\/nedir.az\/atalar-sozleri\/wp-json\/wp\/v2\/comments?post=6327"}],"version-history":[{"count":0,"href":"https:\/\/nedir.az\/atalar-sozleri\/wp-json\/wp\/v2\/posts\/6327\/revisions"}],"wp:attachment":[{"href":"https:\/\/nedir.az\/atalar-sozleri\/wp-json\/wp\/v2\/media?parent=6327"}],"wp:term":[{"taxonomy":"category","embeddable":true,"href":"https:\/\/nedir.az\/atalar-sozleri\/wp-json\/wp\/v2\/categories?post=6327"},{"taxonomy":"post_tag","embeddable":true,"href":"https:\/\/nedir.az\/atalar-sozleri\/wp-json\/wp\/v2\/tags?post=6327"}],"curies":[{"name":"wp","href":"https:\/\/api.w.org\/{rel}","templated":true}]}}