{"id":6325,"date":"2024-09-06T21:34:17","date_gmt":"2024-09-06T21:34:17","guid":{"rendered":""},"modified":"-0001-11-30T00:00:00","modified_gmt":"-0001-11-29T21:00:00","slug":"ele-bil-dedesini-men-oldurmusem","status":"publish","type":"post","link":"https:\/\/nedir.az\/atalar-sozleri\/ele-bil-dedesini-men-oldurmusem-atalar-sozunun-menasi-nedir","title":{"rendered":"El\u0259 Bil D\u0259d\u0259sini M\u0259n \u00d6ld\u00fcrm\u00fc\u015f\u0259m"},"content":{"rendered":"<p>&#8220;el\u0259 bil d\u0259d\u0259sini m\u0259n \u00f6ld\u00fcrm\u00fc\u015f\u0259m&#8221; atalar s\u00f6z\u00fc, bir insan\u0131n ba\u015fqas\u0131na qar\u015f\u0131 etdiyi bir h\u0259r\u0259k\u0259tin, onun \u00fc\u00e7\u00fcn n\u0259 q\u0259d\u0259r a\u011f\u0131r v\u0259 ac\u0131 oldu\u011funu ifad\u0259 edir. Bu ifad\u0259, birinin ba\u015fqas\u0131n\u0131n q\u0259lbini q\u0131rd\u0131\u011f\u0131, ona b\u00f6y\u00fck bir z\u0259rb\u0259 vurdu\u011fu v\u0259 ya onu \u00e7ox incitdiyi zaman istifad\u0259 olunur. Bu atalar s\u00f6z\u00fc, insanlar\u0131n bir-birin\u0259 qar\u015f\u0131 olan m\u00fcnasib\u0259tl\u0259rind\u0259 diqq\u0259tli olmalar\u0131, ba\u015fqalar\u0131n\u0131n hissl\u0259rini n\u0259z\u0259r\u0259 almalar\u0131 g\u0259r\u0259kdiyini vur\u011fulay\u0131r. <\/p>\n<p><b>Q\u0131sa M\u0259nas\u0131<\/b><br \/> Bu atalar s\u00f6z\u00fc, birinin ba\u015fqas\u0131n\u0131 \u00e7ox incitdiyini v\u0259 bunun a\u011f\u0131r n\u0259tic\u0259l\u0259r do\u011fura bil\u0259c\u0259yini bildirir.<\/p>\n","protected":false},"excerpt":{"rendered":"<p>&#8220;el\u0259 bil d\u0259d\u0259sini m\u0259n \u00f6ld\u00fcrm\u00fc\u015f\u0259m&#8221; atalar s\u00f6z\u00fc, bir insan\u0131n ba\u015fqas\u0131na qar\u015f\u0131 etdiyi bir h\u0259r\u0259k\u0259tin, onun \u00fc\u00e7\u00fcn n\u0259 q\u0259d\u0259r a\u011f\u0131r v\u0259 ac\u0131 oldu\u011funu ifad\u0259 edir. Bu ifad\u0259, birinin ba\u015fqas\u0131n\u0131n q\u0259lbini q\u0131rd\u0131\u011f\u0131, ona b\u00f6y\u00fck bir z\u0259rb\u0259 vurdu\u011fu v\u0259 ya onu \u00e7ox incitdiyi zaman istifad\u0259 olunur. Bu atalar s\u00f6z\u00fc, insanlar\u0131n bir-birin\u0259 qar\u015f\u0131 olan m\u00fcnasib\u0259tl\u0259rind\u0259 diqq\u0259tli olmalar\u0131, ba\u015fqalar\u0131n\u0131n hissl\u0259rini &#8230; <a title=\"El\u0259 Bil D\u0259d\u0259sini M\u0259n \u00d6ld\u00fcrm\u00fc\u015f\u0259m\" class=\"read-more\" href=\"https:\/\/nedir.az\/atalar-sozleri\/ele-bil-dedesini-men-oldurmusem-atalar-sozunun-menasi-nedir\" aria-label=\"Read more about El\u0259 Bil D\u0259d\u0259sini M\u0259n \u00d6ld\u00fcrm\u00fc\u015f\u0259m\">Read more<\/a><\/p>\n","protected":false},"author":2,"featured_media":0,"comment_status":"open","ping_status":"open","sticky":false,"template":"","format":"standard","meta":{"footnotes":""},"categories":[1],"tags":[],"class_list":["post-6325","post","type-post","status-publish","format-standard","hentry","category-atalar-sozleri-atalar-sozu"],"aioseo_notices":[],"_links":{"self":[{"href":"https:\/\/nedir.az\/atalar-sozleri\/wp-json\/wp\/v2\/posts\/6325","targetHints":{"allow":["GET"]}}],"collection":[{"href":"https:\/\/nedir.az\/atalar-sozleri\/wp-json\/wp\/v2\/posts"}],"about":[{"href":"https:\/\/nedir.az\/atalar-sozleri\/wp-json\/wp\/v2\/types\/post"}],"author":[{"embeddable":true,"href":"https:\/\/nedir.az\/atalar-sozleri\/wp-json\/wp\/v2\/users\/2"}],"replies":[{"embeddable":true,"href":"https:\/\/nedir.az\/atalar-sozleri\/wp-json\/wp\/v2\/comments?post=6325"}],"version-history":[{"count":0,"href":"https:\/\/nedir.az\/atalar-sozleri\/wp-json\/wp\/v2\/posts\/6325\/revisions"}],"wp:attachment":[{"href":"https:\/\/nedir.az\/atalar-sozleri\/wp-json\/wp\/v2\/media?parent=6325"}],"wp:term":[{"taxonomy":"category","embeddable":true,"href":"https:\/\/nedir.az\/atalar-sozleri\/wp-json\/wp\/v2\/categories?post=6325"},{"taxonomy":"post_tag","embeddable":true,"href":"https:\/\/nedir.az\/atalar-sozleri\/wp-json\/wp\/v2\/tags?post=6325"}],"curies":[{"name":"wp","href":"https:\/\/api.w.org\/{rel}","templated":true}]}}