{"id":6323,"date":"2024-09-06T21:34:17","date_gmt":"2024-09-06T21:34:17","guid":{"rendered":""},"modified":"-0001-11-30T00:00:00","modified_gmt":"-0001-11-29T21:00:00","slug":"ele-bil-dalinca-atli-saliblar","status":"publish","type":"post","link":"https:\/\/nedir.az\/atalar-sozleri\/ele-bil-dalinca-atli-saliblar-atalar-sozunun-menasi-nedir","title":{"rendered":"El\u0259 Bil Dal\u0131nca Atl\u0131 Sal\u0131blar"},"content":{"rendered":"<p>&#8220;El\u0259 bil dal\u0131nca atl\u0131 sal\u0131blar&#8221; atalar s\u00f6z\u00fc, bir insan\u0131n, bir hadis\u0259nin v\u0259 ya bir \u015feyin g\u00f6zl\u0259nilm\u0259d\u0259n, ani bir \u015f\u0259kild\u0259 ortaya \u00e7\u0131xmas\u0131 v\u0259 ya ba\u015f verm\u0259si m\u0259nas\u0131nda istifad\u0259 olunur. Bu atalar s\u00f6z\u00fc, b\u0259z\u0259n insan\u0131n haz\u0131rl\u0131qs\u0131z, g\u00f6zl\u0259nilm\u0259d\u0259n bir v\u0259ziyy\u0259tl\u0259 qar\u015f\u0131la\u015fd\u0131\u011f\u0131n\u0131 vur\u011fulamaq \u00fc\u00e7\u00fcn i\u015fl\u0259dilir. H\u0259m\u00e7inin, bu ifad\u0259, bir \u015feyin ba\u015f verm\u0259si \u00fc\u00e7\u00fcn haz\u0131rl\u0131q edilm\u0259diyi zaman ya\u015fanan \u00e7a\u015fq\u0131nl\u0131\u011f\u0131 da t\u0259svir edir.<\/p>\n<p><b>Q\u0131sa M\u0259nas\u0131<\/b><br \/>G\u00f6zl\u0259nilm\u0259d\u0259n ba\u015f ver\u0259n hadis\u0259.<\/p>\n","protected":false},"excerpt":{"rendered":"<p>&#8220;El\u0259 bil dal\u0131nca atl\u0131 sal\u0131blar&#8221; atalar s\u00f6z\u00fc, bir insan\u0131n, bir hadis\u0259nin v\u0259 ya bir \u015feyin g\u00f6zl\u0259nilm\u0259d\u0259n, ani bir \u015f\u0259kild\u0259 ortaya \u00e7\u0131xmas\u0131 v\u0259 ya ba\u015f verm\u0259si m\u0259nas\u0131nda istifad\u0259 olunur. Bu atalar s\u00f6z\u00fc, b\u0259z\u0259n insan\u0131n haz\u0131rl\u0131qs\u0131z, g\u00f6zl\u0259nilm\u0259d\u0259n bir v\u0259ziyy\u0259tl\u0259 qar\u015f\u0131la\u015fd\u0131\u011f\u0131n\u0131 vur\u011fulamaq \u00fc\u00e7\u00fcn i\u015fl\u0259dilir. H\u0259m\u00e7inin, bu ifad\u0259, bir \u015feyin ba\u015f verm\u0259si \u00fc\u00e7\u00fcn haz\u0131rl\u0131q edilm\u0259diyi zaman ya\u015fanan \u00e7a\u015fq\u0131nl\u0131\u011f\u0131 da &#8230; <a title=\"El\u0259 Bil Dal\u0131nca Atl\u0131 Sal\u0131blar\" class=\"read-more\" href=\"https:\/\/nedir.az\/atalar-sozleri\/ele-bil-dalinca-atli-saliblar-atalar-sozunun-menasi-nedir\" aria-label=\"Read more about El\u0259 Bil Dal\u0131nca Atl\u0131 Sal\u0131blar\">Read more<\/a><\/p>\n","protected":false},"author":2,"featured_media":0,"comment_status":"open","ping_status":"open","sticky":false,"template":"","format":"standard","meta":{"footnotes":""},"categories":[1],"tags":[],"class_list":["post-6323","post","type-post","status-publish","format-standard","hentry","category-atalar-sozleri-atalar-sozu"],"aioseo_notices":[],"_links":{"self":[{"href":"https:\/\/nedir.az\/atalar-sozleri\/wp-json\/wp\/v2\/posts\/6323","targetHints":{"allow":["GET"]}}],"collection":[{"href":"https:\/\/nedir.az\/atalar-sozleri\/wp-json\/wp\/v2\/posts"}],"about":[{"href":"https:\/\/nedir.az\/atalar-sozleri\/wp-json\/wp\/v2\/types\/post"}],"author":[{"embeddable":true,"href":"https:\/\/nedir.az\/atalar-sozleri\/wp-json\/wp\/v2\/users\/2"}],"replies":[{"embeddable":true,"href":"https:\/\/nedir.az\/atalar-sozleri\/wp-json\/wp\/v2\/comments?post=6323"}],"version-history":[{"count":0,"href":"https:\/\/nedir.az\/atalar-sozleri\/wp-json\/wp\/v2\/posts\/6323\/revisions"}],"wp:attachment":[{"href":"https:\/\/nedir.az\/atalar-sozleri\/wp-json\/wp\/v2\/media?parent=6323"}],"wp:term":[{"taxonomy":"category","embeddable":true,"href":"https:\/\/nedir.az\/atalar-sozleri\/wp-json\/wp\/v2\/categories?post=6323"},{"taxonomy":"post_tag","embeddable":true,"href":"https:\/\/nedir.az\/atalar-sozleri\/wp-json\/wp\/v2\/tags?post=6323"}],"curies":[{"name":"wp","href":"https:\/\/api.w.org\/{rel}","templated":true}]}}