{"id":6321,"date":"2024-09-06T21:34:17","date_gmt":"2024-09-06T21:34:17","guid":{"rendered":""},"modified":"-0001-11-30T00:00:00","modified_gmt":"-0001-11-29T21:00:00","slug":"ele-bil-baliq-agzidir","status":"publish","type":"post","link":"https:\/\/nedir.az\/atalar-sozleri\/ele-bil-baliq-agzidir-atalar-sozunun-menasi-nedir","title":{"rendered":"El\u0259 Bil Bal\u0131q A\u011fz\u0131d\u0131r"},"content":{"rendered":"<p>&#8220;el\u0259 bil bal\u0131q a\u011fz\u0131d\u0131r&#8221; atalar s\u00f6z\u00fcn\u00fcn m\u0259nas\u0131, bir \u015feyin g\u00f6r\u00fcn\u00fc\u015f\u00fc il\u0259 onun ger\u00e7\u0259k mahiyy\u0259ti aras\u0131nda olan f\u0259rqi ifad\u0259 edir. Bu atalar s\u00f6z\u00fc, b\u0259z\u0259n insanlar\u0131n xarici g\u00f6r\u00fcn\u00fc\u015f\u00fcn\u0259 aldanaraq, onlar\u0131n daxili keyfiyy\u0259tl\u0259rini v\u0259 ya niyy\u0259tl\u0259rini d\u00fczg\u00fcn qiym\u0259tl\u0259ndirm\u0259m\u0259yin riskini vur\u011fulay\u0131r. Y\u0259ni, bir \u015feyin xarici c\u0259h\u0259tl\u0259ri onun i\u00e7ind\u0259ki d\u0259y\u0259ri v\u0259 ya \u0259sl mahiyy\u0259tini \u0259ks etdirm\u0259y\u0259 bil\u0259r. Bu, insanlar\u0131 v\u0259 ya v\u0259ziyy\u0259tl\u0259ri daha d\u0259rind\u0259n anlamaq laz\u0131m oldu\u011funu g\u00f6st\u0259rir.<\/p>\n<p><b>Q\u0131sa M\u0259nas\u0131<\/b><br \/>G\u00f6r\u00fcn\u00fc\u015f\u0259 aldanmamaq, daxili mahiyy\u0259ti anlamaq vacibdir.<\/p>\n","protected":false},"excerpt":{"rendered":"<p>&#8220;el\u0259 bil bal\u0131q a\u011fz\u0131d\u0131r&#8221; atalar s\u00f6z\u00fcn\u00fcn m\u0259nas\u0131, bir \u015feyin g\u00f6r\u00fcn\u00fc\u015f\u00fc il\u0259 onun ger\u00e7\u0259k mahiyy\u0259ti aras\u0131nda olan f\u0259rqi ifad\u0259 edir. Bu atalar s\u00f6z\u00fc, b\u0259z\u0259n insanlar\u0131n xarici g\u00f6r\u00fcn\u00fc\u015f\u00fcn\u0259 aldanaraq, onlar\u0131n daxili keyfiyy\u0259tl\u0259rini v\u0259 ya niyy\u0259tl\u0259rini d\u00fczg\u00fcn qiym\u0259tl\u0259ndirm\u0259m\u0259yin riskini vur\u011fulay\u0131r. Y\u0259ni, bir \u015feyin xarici c\u0259h\u0259tl\u0259ri onun i\u00e7ind\u0259ki d\u0259y\u0259ri v\u0259 ya \u0259sl mahiyy\u0259tini \u0259ks etdirm\u0259y\u0259 bil\u0259r. Bu, insanlar\u0131 v\u0259 &#8230; <a title=\"El\u0259 Bil Bal\u0131q A\u011fz\u0131d\u0131r\" class=\"read-more\" href=\"https:\/\/nedir.az\/atalar-sozleri\/ele-bil-baliq-agzidir-atalar-sozunun-menasi-nedir\" aria-label=\"Read more about El\u0259 Bil Bal\u0131q A\u011fz\u0131d\u0131r\">Read more<\/a><\/p>\n","protected":false},"author":2,"featured_media":0,"comment_status":"open","ping_status":"open","sticky":false,"template":"","format":"standard","meta":{"footnotes":""},"categories":[1],"tags":[],"class_list":["post-6321","post","type-post","status-publish","format-standard","hentry","category-atalar-sozleri-atalar-sozu"],"aioseo_notices":[],"_links":{"self":[{"href":"https:\/\/nedir.az\/atalar-sozleri\/wp-json\/wp\/v2\/posts\/6321","targetHints":{"allow":["GET"]}}],"collection":[{"href":"https:\/\/nedir.az\/atalar-sozleri\/wp-json\/wp\/v2\/posts"}],"about":[{"href":"https:\/\/nedir.az\/atalar-sozleri\/wp-json\/wp\/v2\/types\/post"}],"author":[{"embeddable":true,"href":"https:\/\/nedir.az\/atalar-sozleri\/wp-json\/wp\/v2\/users\/2"}],"replies":[{"embeddable":true,"href":"https:\/\/nedir.az\/atalar-sozleri\/wp-json\/wp\/v2\/comments?post=6321"}],"version-history":[{"count":0,"href":"https:\/\/nedir.az\/atalar-sozleri\/wp-json\/wp\/v2\/posts\/6321\/revisions"}],"wp:attachment":[{"href":"https:\/\/nedir.az\/atalar-sozleri\/wp-json\/wp\/v2\/media?parent=6321"}],"wp:term":[{"taxonomy":"category","embeddable":true,"href":"https:\/\/nedir.az\/atalar-sozleri\/wp-json\/wp\/v2\/categories?post=6321"},{"taxonomy":"post_tag","embeddable":true,"href":"https:\/\/nedir.az\/atalar-sozleri\/wp-json\/wp\/v2\/tags?post=6321"}],"curies":[{"name":"wp","href":"https:\/\/api.w.org\/{rel}","templated":true}]}}