{"id":6320,"date":"2024-09-06T21:34:17","date_gmt":"2024-09-06T21:34:17","guid":{"rendered":""},"modified":"-0001-11-30T00:00:00","modified_gmt":"-0001-11-29T21:00:00","slug":"ele-bagla-ki-aca-bilesen","status":"publish","type":"post","link":"https:\/\/nedir.az\/atalar-sozleri\/ele-bagla-ki-aca-bilesen-atalar-sozunun-menasi-nedir","title":{"rendered":"El\u0259 Ba\u011fla Ki, A\u00e7a Bil\u0259s\u0259n"},"content":{"rendered":"<p>\u201cAtalar s\u00f6z\u00fc\u201d deyildikd\u0259, xalq\u0131n uzun ill\u0259rd\u0259n b\u0259ri toplad\u0131\u011f\u0131 t\u0259cr\u00fcb\u0259 v\u0259 hikm\u0259tl\u0259rin ifad\u0259 olundu\u011fu q\u0131sa, lakin d\u0259rin m\u0259nal\u0131 ifad\u0259l\u0259r n\u0259z\u0259rd\u0259 tutulur. Bu s\u00f6zl\u0259r, ad\u0259t\u0259n, bir v\u0259ziyy\u0259ti, davran\u0131\u015f\u0131 v\u0259 ya h\u0259yat\u0131n bir aspektini t\u0259svir edir v\u0259 insanlara d\u00fczg\u00fcn yol g\u00f6st\u0259rm\u0259k m\u0259qs\u0259dini g\u00fcd\u00fcr. Atalar s\u00f6zl\u0259ri, m\u0259d\u0259niyy\u0259tin, \u0259n\u0259n\u0259l\u0259rin v\u0259 d\u0259y\u0259rl\u0259rin qorunmas\u0131nda m\u00fch\u00fcm rol oynay\u0131r. H\u0259r bir atalar s\u00f6z\u00fc, \u00f6z\u00fcnd\u0259 bir d\u0259rs, bir hikm\u0259t da\u015f\u0131y\u0131r v\u0259 insanlar\u0131n d\u00fc\u015f\u00fcnc\u0259l\u0259rini, davran\u0131\u015flar\u0131n\u0131 formala\u015fd\u0131rma\u011fa k\u00f6m\u0259k edir. <\/p>\n<p>\u201cel\u0259 ba\u011fla ki, a\u00e7a bil\u0259s\u0259n\u201d atalar s\u00f6z\u00fcn\u00fcn m\u0259nas\u0131, insanlar\u0131n h\u0259yat\u0131nda ba\u015f ver\u0259n hadis\u0259l\u0259rd\u0259n, t\u0259cr\u00fcb\u0259l\u0259rd\u0259n v\u0259 m\u00fcdriklikl\u0259rd\u0259n \u00e7\u0131xar\u0131lan n\u0259tic\u0259l\u0259ri ifad\u0259 edir. Bu s\u00f6zl\u0259r, insanlara h\u0259yat\u0131n \u00e7\u0259tinlikl\u0259ri il\u0259 ba\u015fa \u00e7\u0131xma\u011f\u0131, d\u00fczg\u00fcn q\u0259rarlar verm\u0259yi \u00f6yr\u0259dir.<\/p>\n<p><b>Q\u0131sa M\u0259nas\u0131<\/b><br \/>Atalar s\u00f6zl\u0259ri, xalq\u0131n t\u0259cr\u00fcb\u0259sini v\u0259 hikm\u0259tini ifad\u0259 ed\u0259n q\u0131sa, d\u0259rin m\u0259nal\u0131 ifad\u0259l\u0259rdir.<\/p>\n","protected":false},"excerpt":{"rendered":"<p>\u201cAtalar s\u00f6z\u00fc\u201d deyildikd\u0259, xalq\u0131n uzun ill\u0259rd\u0259n b\u0259ri toplad\u0131\u011f\u0131 t\u0259cr\u00fcb\u0259 v\u0259 hikm\u0259tl\u0259rin ifad\u0259 olundu\u011fu q\u0131sa, lakin d\u0259rin m\u0259nal\u0131 ifad\u0259l\u0259r n\u0259z\u0259rd\u0259 tutulur. Bu s\u00f6zl\u0259r, ad\u0259t\u0259n, bir v\u0259ziyy\u0259ti, davran\u0131\u015f\u0131 v\u0259 ya h\u0259yat\u0131n bir aspektini t\u0259svir edir v\u0259 insanlara d\u00fczg\u00fcn yol g\u00f6st\u0259rm\u0259k m\u0259qs\u0259dini g\u00fcd\u00fcr. Atalar s\u00f6zl\u0259ri, m\u0259d\u0259niyy\u0259tin, \u0259n\u0259n\u0259l\u0259rin v\u0259 d\u0259y\u0259rl\u0259rin qorunmas\u0131nda m\u00fch\u00fcm rol oynay\u0131r. H\u0259r bir atalar s\u00f6z\u00fc, \u00f6z\u00fcnd\u0259 &#8230; <a title=\"El\u0259 Ba\u011fla Ki, A\u00e7a Bil\u0259s\u0259n\" class=\"read-more\" href=\"https:\/\/nedir.az\/atalar-sozleri\/ele-bagla-ki-aca-bilesen-atalar-sozunun-menasi-nedir\" aria-label=\"Read more about El\u0259 Ba\u011fla Ki, A\u00e7a Bil\u0259s\u0259n\">Read more<\/a><\/p>\n","protected":false},"author":2,"featured_media":0,"comment_status":"open","ping_status":"open","sticky":false,"template":"","format":"standard","meta":{"footnotes":""},"categories":[1],"tags":[],"class_list":["post-6320","post","type-post","status-publish","format-standard","hentry","category-atalar-sozleri-atalar-sozu"],"aioseo_notices":[],"_links":{"self":[{"href":"https:\/\/nedir.az\/atalar-sozleri\/wp-json\/wp\/v2\/posts\/6320","targetHints":{"allow":["GET"]}}],"collection":[{"href":"https:\/\/nedir.az\/atalar-sozleri\/wp-json\/wp\/v2\/posts"}],"about":[{"href":"https:\/\/nedir.az\/atalar-sozleri\/wp-json\/wp\/v2\/types\/post"}],"author":[{"embeddable":true,"href":"https:\/\/nedir.az\/atalar-sozleri\/wp-json\/wp\/v2\/users\/2"}],"replies":[{"embeddable":true,"href":"https:\/\/nedir.az\/atalar-sozleri\/wp-json\/wp\/v2\/comments?post=6320"}],"version-history":[{"count":0,"href":"https:\/\/nedir.az\/atalar-sozleri\/wp-json\/wp\/v2\/posts\/6320\/revisions"}],"wp:attachment":[{"href":"https:\/\/nedir.az\/atalar-sozleri\/wp-json\/wp\/v2\/media?parent=6320"}],"wp:term":[{"taxonomy":"category","embeddable":true,"href":"https:\/\/nedir.az\/atalar-sozleri\/wp-json\/wp\/v2\/categories?post=6320"},{"taxonomy":"post_tag","embeddable":true,"href":"https:\/\/nedir.az\/atalar-sozleri\/wp-json\/wp\/v2\/tags?post=6320"}],"curies":[{"name":"wp","href":"https:\/\/api.w.org\/{rel}","templated":true}]}}