{"id":6319,"date":"2024-09-06T21:34:17","date_gmt":"2024-09-06T21:34:17","guid":{"rendered":""},"modified":"-0001-11-30T00:00:00","modified_gmt":"-0001-11-29T21:00:00","slug":"ele-bagin-bele-de-meyvesi-olar","status":"publish","type":"post","link":"https:\/\/nedir.az\/atalar-sozleri\/ele-bagin-bele-de-meyvesi-olar-atalar-sozunun-menasi-nedir","title":{"rendered":"El\u0259 Ba\u011f\u0131n Bel\u0259 d\u0259 Meyv\u0259si Olar"},"content":{"rendered":"<p>&#8220;el\u0259 ba\u011f\u0131n bel\u0259 d\u0259 meyv\u0259si olar&#8221; atalar s\u00f6z\u00fcn\u00fcn m\u0259nas\u0131, insan\u0131n g\u00f6rd\u00fcy\u00fc i\u015fl\u0259rin, etdiyi \u0259m\u0259ll\u0259rin n\u0259tic\u0259l\u0259rinin, onun keyfiyy\u0259tin\u0259 v\u0259 s\u0259yl\u0259rin\u0259 ba\u011fl\u0131 oldu\u011funu ifad\u0259 edir. Y\u0259ni, \u0259g\u0259r bir insan \u00f6z i\u015fin\u0259 ciddi yana\u015f\u0131r, \u00e7al\u0131\u015f\u0131r v\u0259 s\u0259y g\u00f6st\u0259rirs\u0259, o zaman m\u00fcsb\u0259t n\u0259tic\u0259l\u0259r \u0259ld\u0259 ed\u0259c\u0259kdir. \u018fksin\u0259, \u0259g\u0259r bir insan i\u015fini laqeyd yana\u015f\u0131rsa, o zaman n\u0259tic\u0259l\u0259r d\u0259 g\u00f6zl\u0259nil\u0259n q\u0259d\u0259r yax\u015f\u0131 olmayacaq. Bu atalar s\u00f6z\u00fc, insanlar\u0131n \u00f6z \u0259m\u0259ll\u0259rin\u0259 g\u00f6r\u0259 m\u00fckafatland\u0131r\u0131laca\u011f\u0131n\u0131 v\u0259 ya c\u0259zaland\u0131r\u0131laca\u011f\u0131n\u0131 vur\u011fulay\u0131r.<\/p>\n<p><b>Q\u0131sa M\u0259nas\u0131<\/b><br \/> \u0130nsan\u0131n etdiyi i\u015fl\u0259rin n\u0259tic\u0259l\u0259ri, onun s\u0259yin\u0259 ba\u011fl\u0131d\u0131r.<\/p>\n","protected":false},"excerpt":{"rendered":"<p>&#8220;el\u0259 ba\u011f\u0131n bel\u0259 d\u0259 meyv\u0259si olar&#8221; atalar s\u00f6z\u00fcn\u00fcn m\u0259nas\u0131, insan\u0131n g\u00f6rd\u00fcy\u00fc i\u015fl\u0259rin, etdiyi \u0259m\u0259ll\u0259rin n\u0259tic\u0259l\u0259rinin, onun keyfiyy\u0259tin\u0259 v\u0259 s\u0259yl\u0259rin\u0259 ba\u011fl\u0131 oldu\u011funu ifad\u0259 edir. Y\u0259ni, \u0259g\u0259r bir insan \u00f6z i\u015fin\u0259 ciddi yana\u015f\u0131r, \u00e7al\u0131\u015f\u0131r v\u0259 s\u0259y g\u00f6st\u0259rirs\u0259, o zaman m\u00fcsb\u0259t n\u0259tic\u0259l\u0259r \u0259ld\u0259 ed\u0259c\u0259kdir. \u018fksin\u0259, \u0259g\u0259r bir insan i\u015fini laqeyd yana\u015f\u0131rsa, o zaman n\u0259tic\u0259l\u0259r d\u0259 g\u00f6zl\u0259nil\u0259n q\u0259d\u0259r yax\u015f\u0131 &#8230; <a title=\"El\u0259 Ba\u011f\u0131n Bel\u0259 d\u0259 Meyv\u0259si Olar\" class=\"read-more\" href=\"https:\/\/nedir.az\/atalar-sozleri\/ele-bagin-bele-de-meyvesi-olar-atalar-sozunun-menasi-nedir\" aria-label=\"Read more about El\u0259 Ba\u011f\u0131n Bel\u0259 d\u0259 Meyv\u0259si Olar\">Read more<\/a><\/p>\n","protected":false},"author":2,"featured_media":0,"comment_status":"open","ping_status":"open","sticky":false,"template":"","format":"standard","meta":{"footnotes":""},"categories":[1],"tags":[],"class_list":["post-6319","post","type-post","status-publish","format-standard","hentry","category-atalar-sozleri-atalar-sozu"],"aioseo_notices":[],"_links":{"self":[{"href":"https:\/\/nedir.az\/atalar-sozleri\/wp-json\/wp\/v2\/posts\/6319","targetHints":{"allow":["GET"]}}],"collection":[{"href":"https:\/\/nedir.az\/atalar-sozleri\/wp-json\/wp\/v2\/posts"}],"about":[{"href":"https:\/\/nedir.az\/atalar-sozleri\/wp-json\/wp\/v2\/types\/post"}],"author":[{"embeddable":true,"href":"https:\/\/nedir.az\/atalar-sozleri\/wp-json\/wp\/v2\/users\/2"}],"replies":[{"embeddable":true,"href":"https:\/\/nedir.az\/atalar-sozleri\/wp-json\/wp\/v2\/comments?post=6319"}],"version-history":[{"count":0,"href":"https:\/\/nedir.az\/atalar-sozleri\/wp-json\/wp\/v2\/posts\/6319\/revisions"}],"wp:attachment":[{"href":"https:\/\/nedir.az\/atalar-sozleri\/wp-json\/wp\/v2\/media?parent=6319"}],"wp:term":[{"taxonomy":"category","embeddable":true,"href":"https:\/\/nedir.az\/atalar-sozleri\/wp-json\/wp\/v2\/categories?post=6319"},{"taxonomy":"post_tag","embeddable":true,"href":"https:\/\/nedir.az\/atalar-sozleri\/wp-json\/wp\/v2\/tags?post=6319"}],"curies":[{"name":"wp","href":"https:\/\/api.w.org\/{rel}","templated":true}]}}